{"id":6926,"date":"2011-10-25T15:53:09","date_gmt":"2011-10-25T18:53:09","guid":{"rendered":"http:\/\/www.ufla.br\/ascom\/?p=6926"},"modified":"2013-01-08T15:35:42","modified_gmt":"2013-01-08T18:35:42","slug":"ufla-recebe-4600-candidatos-para-o-enem","status":"publish","type":"post","link":"https:\/\/www.ufla.br\/dcom\/2011\/10\/25\/ufla-recebe-4600-candidatos-para-o-enem\/","title":{"rendered":"UFLA recebe 4600 candidatos para o Enem"},"content":{"rendered":"<h6><a href=\"http:\/\/www.ufla.br\/ascom\/wp-content\/uploads\/2011\/10\/25.10-enem.jpg\"><img loading=\"lazy\" decoding=\"async\" class=\"alignleft size-medium wp-image-6927\" title=\"25.10 enem\" alt=\"\" src=\"http:\/\/www.ufla.br\/ascom\/wp-content\/uploads\/2011\/10\/25.10-enem-300x202.jpg\" width=\"300\" height=\"202\" srcset=\"https:\/\/www.ufla.br\/dcom\/wp-content\/uploads\/2011\/10\/25.10-enem-300x202.jpg 300w, https:\/\/www.ufla.br\/dcom\/wp-content\/uploads\/2011\/10\/25.10-enem.jpg 514w\" sizes=\"auto, (max-width: 300px) 100vw, 300px\" \/><\/a><\/h6>\n<p>O Exame Nacional do Ensino M\u00e9dio (Enem) foi realizado em todo o Brasil nos dias 22 e 23. Em Lavras, o exame foi aplicado sem ocorr\u00eancias negativas, de acordo com a coordenadora municipal do Enem, Terezinha Lopes Werner. \u00a0Houve 7843 inscritos para realizar as provas na cidade e a UFLA recebeu quase 4600 dessas inscri\u00e7\u00f5es. O Enem foi aplicado em oito escolas de Lavras.<\/p>\n<p>A absten\u00e7\u00e3o na cidade foi de 25% dos candidatos. \u00a0\u201cEssa porcentagem coincide com a m\u00e9dia nacional\u201d, aponta Terezinha. Segundo o portal do Minist\u00e9rio da Educa\u00e7\u00e3o (MEC), o Enem 2011 registrou a absten\u00e7\u00e3o m\u00e9dia de 26,4%, \u00edndice inferior ao do ano passado, de 28%. No Brasil, 5.367.092 estudantes inscreveram-se para realizar provas em 1599 munic\u00edpios.<\/p>\n<p>A UFLA \u00e9 uma institui\u00e7\u00e3o que aderiu ao Sistema de Sele\u00e7\u00e3o Unificada (SiSU) do MEC, baseado nas notas do Enem. Por isso, as vagas dos cursos de gradua\u00e7\u00e3o presenciais da UFLA s\u00e3o preenchidas pelos candidatos do SiSU: 60% delas no primeiro semestre (as demais s\u00e3o preenchidas pelos candidatos do Processo Seletivo de Avalia\u00e7\u00e3o Seriada &#8211; PAS) e 100% no segundo semestre.<\/p>\n","protected":false},"excerpt":{"rendered":"<p>O Exame Nacional do Ensino M\u00e9dio (Enem) foi realizado em todo o Brasil nos dias 22 e 23. Em Lavras, o exame foi aplicado sem ocorr\u00eancias negativas, de acordo com a coordenadora municipal do Enem, Terezinha Lopes Werner.  Houve 7843 inscritos para realizar as provas na cidade e a UFLA (&#8230;)<\/p>\n","protected":false},"author":8,"featured_media":0,"comment_status":"closed","ping_status":"closed","sticky":false,"template":"","format":"standard","meta":{"ngg_post_thumbnail":0,"footnotes":""},"categories":[1],"tags":[],"class_list":["post-6926","post","type-post","status-publish","format-standard","hentry","category-noticias"],"_links":{"self":[{"href":"https:\/\/www.ufla.br\/dcom\/wp-json\/wp\/v2\/posts\/6926","targetHints":{"allow":["GET"]}}],"collection":[{"href":"https:\/\/www.ufla.br\/dcom\/wp-json\/wp\/v2\/posts"}],"about":[{"href":"https:\/\/www.ufla.br\/dcom\/wp-json\/wp\/v2\/types\/post"}],"author":[{"embeddable":true,"href":"https:\/\/www.ufla.br\/dcom\/wp-json\/wp\/v2\/users\/8"}],"replies":[{"embeddable":true,"href":"https:\/\/www.ufla.br\/dcom\/wp-json\/wp\/v2\/comments?post=6926"}],"version-history":[{"count":5,"href":"https:\/\/www.ufla.br\/dcom\/wp-json\/wp\/v2\/posts\/6926\/revisions"}],"predecessor-version":[{"id":6929,"href":"https:\/\/www.ufla.br\/dcom\/wp-json\/wp\/v2\/posts\/6926\/revisions\/6929"}],"wp:attachment":[{"href":"https:\/\/www.ufla.br\/dcom\/wp-json\/wp\/v2\/media?parent=6926"}],"wp:term":[{"taxonomy":"category","embeddable":true,"href":"https:\/\/www.ufla.br\/dcom\/wp-json\/wp\/v2\/categories?post=6926"},{"taxonomy":"post_tag","embeddable":true,"href":"https:\/\/www.ufla.br\/dcom\/wp-json\/wp\/v2\/tags?post=6926"}],"curies":[{"name":"wp","href":"https:\/\/api.w.org\/{rel}","templated":true}]}}