{"id":68455,"date":"2014-09-25T18:16:07","date_gmt":"2014-09-25T21:16:07","guid":{"rendered":"http:\/\/www.ufla.br\/ascom\/?p=68455"},"modified":"2014-09-29T16:11:51","modified_gmt":"2014-09-29T19:11:51","slug":"assessoria-de-comunicacao-da-ufla-recebe-novos-bolsistas-institucionais","status":"publish","type":"post","link":"https:\/\/www.ufla.br\/dcom\/2014\/09\/25\/assessoria-de-comunicacao-da-ufla-recebe-novos-bolsistas-institucionais\/","title":{"rendered":"Assessoria de Comunica\u00e7\u00e3o da UFLA recebe novos bolsistas institucionais"},"content":{"rendered":"<figure id=\"attachment_68456\" aria-describedby=\"caption-attachment-68456\" style=\"width: 249px\" class=\"wp-caption alignleft\"><a href=\"http:\/\/www.ufla.br\/ascom\/wp-content\/uploads\/2014\/09\/IMG_3391.jpg\"><img loading=\"lazy\" decoding=\"async\" class=\"size-medium wp-image-68456\" src=\"http:\/\/www.ufla.br\/ascom\/wp-content\/uploads\/2014\/09\/IMG_3391-249x166.jpg\" alt=\"Parte da equipe participa da primeira reuni\u00e3o \" width=\"249\" height=\"166\" srcset=\"https:\/\/www.ufla.br\/dcom\/wp-content\/uploads\/2014\/09\/IMG_3391-249x166.jpg 249w, https:\/\/www.ufla.br\/dcom\/wp-content\/uploads\/2014\/09\/IMG_3391-612x408.jpg 612w, https:\/\/www.ufla.br\/dcom\/wp-content\/uploads\/2014\/09\/IMG_3391.jpg 1920w\" sizes=\"auto, (max-width: 249px) 100vw, 249px\" \/><\/a><figcaption id=\"caption-attachment-68456\" class=\"wp-caption-text\">Parte da equipe participa da primeira reuni\u00e3o<\/figcaption><\/figure>\n<p>Desde julho de 2013, a Assessoria de Comunica\u00e7\u00e3o da Universidade Federal de Lavras (UFLA) participa do Programa Institucional de Bolsas, modalidade Aprendizagem (Proat). \u00a0Para cada um dos 18 departamentos t\u00e9cnico-cient\u00edficos foi selecionado um representante da ASCOM, que servir\u00e1 de porta-voz das a\u00e7\u00f5es e conquistas de todos os segmentos: professores, estudantes e t\u00e9cnicos administrativos.<\/p>\n<p>Com \u00eanfase em comunica\u00e7\u00e3o coorporativa, divulga\u00e7\u00e3o cient\u00edfica, sistema de informa\u00e7\u00e3o e tecnologias da informa\u00e7\u00e3o e comunica\u00e7\u00e3o (TICs), a bolsa \u00e9 vinculada \u00e0 Ascom e \u00e0 Pr\u00f3-Reitoria de Gradua\u00e7\u00e3o (PRG). Tem como objetivo dar oportunidade aos estudantes de todos os cursos de gradua\u00e7\u00e3o da UFLA de participarem de um amplo projeto de comunica\u00e7\u00e3o, que pretende ampliar a divulga\u00e7\u00e3o das atividades de ensino, pesquisa e extens\u00e3o ao mesmo tempo em que permite o desenvolvimento e aprendizado t\u00e9cnico dos estudantes em uma \u00e1rea que vai representar grande diferencial em sua forma\u00e7\u00e3o.<\/p>\n<p>Al\u00e9m dos bolsistas nos departamentos, foram selecionados: dois bolsista para desenvolvimento WEB, sistemas de informa\u00e7\u00e3o e TICs; um bolsista para a R\u00e1dio Universit\u00e1ria; um bolsista para a TV Universit\u00e1ria; um para divulga\u00e7\u00e3o cient\u00edfica em m\u00eddias sociais; dois bolsistas para aprendizado na \u00e1rea de assessoria de comunica\u00e7\u00e3o institucional e corporativa e dois bolsistas para aprendizado na \u00e1rea de Cerimonial.<\/p>\n<p>Nessa ter\u00e7a-feira (23\/9), foi realizada a primeira reuni\u00e3o com bolsistas do Programa &#8211;\u00a0vig\u00eancia 2014\/2015, com a presen\u00e7a dos jornalistas Mateus Lima, Ana Elisa Alvim e Cibele Aguiar, al\u00e9m do<i>\u00a0<\/i>publicit\u00e1rio Helder Tobias.<\/p>\n<p>Confira o nome e fun\u00e7\u00e3o de cada bolsista selecionado:<\/p>\n<table>\n<tbody>\n<tr>\n<td width=\"288\"><strong>Bolsistas<\/strong><\/td>\n<td width=\"288\"><strong>Departamento<\/strong><\/td>\n<\/tr>\n<tr>\n<td width=\"288\">ALLANA BARISHINIKOV SILVA<\/td>\n<td width=\"288\">DEPARTAMENTO DE ENTOMOLOGIA (DEN)<\/td>\n<\/tr>\n<tr>\n<td width=\"288\">BRUNO GUIMAR\u00c3ES XAVIER DE AQUINO<\/td>\n<td width=\"288\">DEPARTAMENTO DE EDUCA\u00c7\u00c3O F\u00cdSICA (DEF)<\/td>\n<\/tr>\n<tr>\n<td width=\"288\">DANIELE CARLA DE SOUZA<\/td>\n<td width=\"288\">DEPARTAMENTO DE MEDICINA VETERIN\u00c1RIA (DMV)<\/td>\n<\/tr>\n<tr>\n<td width=\"288\">DEBORAH PAL\u00c0CIO DO SACRAMENTO<\/td>\n<td width=\"288\">DEPARTAMENTO DE CI\u00caNCIA DO SOLO (DCS)<\/td>\n<\/tr>\n<tr>\n<td width=\"288\">GUILHERME CABRAL DOS SANTOS SILVA<\/td>\n<td width=\"288\">DEPARTAMENTO DE QU\u00cdMICA (DQI)<\/td>\n<\/tr>\n<tr>\n<td width=\"288\">ISABELLA CARVALHO FERREIRA<\/td>\n<td width=\"288\">DEPARTAMENTO DE CI\u00caNCIAS HUMANAS (DCH)<\/td>\n<\/tr>\n<tr>\n<td width=\"288\">JESSICA VELOSO LOPES<\/td>\n<td width=\"288\">INSTITUCIONAL \/ ASCOM<\/td>\n<\/tr>\n<tr>\n<td width=\"288\">LEONARDO ASSAD AOUN<\/td>\n<td width=\"288\">INSTITUCIONAL \/ ASCOM<\/td>\n<\/tr>\n<tr>\n<td width=\"288\">LUCIANA DA SILVA<\/td>\n<td width=\"288\">DEPARTAMENTO DE ZOOTECNIA (DZO)<\/td>\n<\/tr>\n<tr>\n<td width=\"288\">MAYCK ROGER BARCELOS SANTOS SILVA<\/td>\n<td width=\"288\">DEPARTAMENTO DE FITOPATOLOGIA (DFP)<\/td>\n<\/tr>\n<tr>\n<td width=\"288\">MAYRA LUIZA COSTA MOURA<\/td>\n<td width=\"288\">DEPARTAMENTO DE AGRICULTURA (DAG)<\/td>\n<\/tr>\n<tr>\n<td width=\"288\">M\u00d4NICA DE FARIA SILVA<\/td>\n<td width=\"288\">DEPARTAMENTO DE CI\u00caNCIA DA COMPUTA\u00c7\u00c3O (DCC)<\/td>\n<\/tr>\n<tr>\n<td width=\"288\">NATALIA APARECIDA NAVES<\/td>\n<td width=\"288\">DEPARTAMENTO DE CI\u00caNCIAS EXATAS (DEX)<\/td>\n<\/tr>\n<tr>\n<td width=\"288\">PRISCILLA HELEN CARVALHO SILVA<\/td>\n<td width=\"288\">DEPARTAMENTO DE EDUCA\u00c7\u00c3O (DED)<\/td>\n<\/tr>\n<tr>\n<td width=\"288\">RAFAELA FERNANDES SILVA<\/td>\n<td width=\"288\">DEPARTAMENTO DE ENGENHARIA (DEG)<\/td>\n<\/tr>\n<tr>\n<td width=\"288\">RUTE APARECIDA<\/td>\n<td width=\"288\">DEPARTAMENTO DE CI\u00caNCIAS FLORESTAIS (DCF)<\/td>\n<\/tr>\n<tr>\n<td width=\"288\">SAMIRA DO PRADO DIAS<\/td>\n<td width=\"288\">DEPARTAMENTO DE MIDIAS SOCIAIS \/ ASCOM<\/td>\n<\/tr>\n<tr>\n<td width=\"288\">SAMUEL CARLOS OLIVEIRA FURTADO<\/td>\n<td width=\"288\">DEPARTAMENTO DE DIREITO (DIR)<\/td>\n<\/tr>\n<tr>\n<td width=\"288\">THAYNA DE OLIVEIRA CARVALHO<\/td>\n<td width=\"288\">DEPARTAMENTO DE CI\u00caNCIA DOS ALIMENTOS (DCA)<\/td>\n<\/tr>\n<tr>\n<td width=\"288\">WAGNER ALEFE SCHIAVONI<\/td>\n<td width=\"288\">DEPARTAMENTO DE DEPARTAMENTO DE BIOLOGIA (DBI)<\/td>\n<\/tr>\n<tr>\n<td width=\"288\">WANDERLEY JUNIOR GARCIA FERNANDES<\/td>\n<td width=\"288\">DEPARTAMENTO DE ADMINISTRA\u00c7\u00c3O E ECONOMIA (DAE)<\/td>\n<\/tr>\n<tr>\n<td width=\"288\">WESLEY RIBEIRO DE SOUZA<\/td>\n<td width=\"288\">ASCOM \/ WEBDESIGN<\/td>\n<\/tr>\n<\/tbody>\n<\/table>\n<p>&nbsp;<\/p>\n<p>&nbsp;<\/p>\n","protected":false},"excerpt":{"rendered":"<p>Desde julho de 2013, a Assessoria de Comunica\u00e7\u00e3o da Universidade Federal de Lavras (UFLA) participa do Programa Institucional de Bolsas, modalidade Aprendizagem (Proat). \u00a0Para cada um dos 18 departamentos t\u00e9cnico-cient\u00edficos foi selecionado um representante da ASCOM, que servir\u00e1 de porta-voz das a\u00e7\u00f5es e conquistas de todos os segmentos: professores, estudantes e t\u00e9cnicos administrativos. Com \u00eanfase &hellip; <a href=\"https:\/\/www.ufla.br\/dcom\/2014\/09\/25\/assessoria-de-comunicacao-da-ufla-recebe-novos-bolsistas-institucionais\/\" class=\"more-link\">Continue lendo <span class=\"screen-reader-text\">Assessoria de Comunica\u00e7\u00e3o da UFLA recebe novos bolsistas institucionais<\/span> <span class=\"meta-nav\">&rarr;<\/span><\/a><\/p>\n","protected":false},"author":6,"featured_media":0,"comment_status":"closed","ping_status":"closed","sticky":false,"template":"","format":"standard","meta":{"ngg_post_thumbnail":0,"footnotes":""},"categories":[1,10],"tags":[],"class_list":["post-68455","post","type-post","status-publish","format-standard","hentry","category-noticias","category-menores"],"_links":{"self":[{"href":"https:\/\/www.ufla.br\/dcom\/wp-json\/wp\/v2\/posts\/68455","targetHints":{"allow":["GET"]}}],"collection":[{"href":"https:\/\/www.ufla.br\/dcom\/wp-json\/wp\/v2\/posts"}],"about":[{"href":"https:\/\/www.ufla.br\/dcom\/wp-json\/wp\/v2\/types\/post"}],"author":[{"embeddable":true,"href":"https:\/\/www.ufla.br\/dcom\/wp-json\/wp\/v2\/users\/6"}],"replies":[{"embeddable":true,"href":"https:\/\/www.ufla.br\/dcom\/wp-json\/wp\/v2\/comments?post=68455"}],"version-history":[{"count":6,"href":"https:\/\/www.ufla.br\/dcom\/wp-json\/wp\/v2\/posts\/68455\/revisions"}],"predecessor-version":[{"id":68465,"href":"https:\/\/www.ufla.br\/dcom\/wp-json\/wp\/v2\/posts\/68455\/revisions\/68465"}],"wp:attachment":[{"href":"https:\/\/www.ufla.br\/dcom\/wp-json\/wp\/v2\/media?parent=68455"}],"wp:term":[{"taxonomy":"category","embeddable":true,"href":"https:\/\/www.ufla.br\/dcom\/wp-json\/wp\/v2\/categories?post=68455"},{"taxonomy":"post_tag","embeddable":true,"href":"https:\/\/www.ufla.br\/dcom\/wp-json\/wp\/v2\/tags?post=68455"}],"curies":[{"name":"wp","href":"https:\/\/api.w.org\/{rel}","templated":true}]}}