{"id":67981,"date":"2014-09-22T17:20:02","date_gmt":"2014-09-22T20:20:02","guid":{"rendered":"http:\/\/www.ufla.br\/ascom\/?p=67981"},"modified":"2014-09-24T13:32:01","modified_gmt":"2014-09-24T16:32:01","slug":"xiii-semana-do-meio-ambiente-comecara-em-299-inscricoes-na-cantina","status":"publish","type":"post","link":"https:\/\/www.ufla.br\/dcom\/2014\/09\/22\/xiii-semana-do-meio-ambiente-comecara-em-299-inscricoes-na-cantina\/","title":{"rendered":"XIII Semana do Meio Ambiente come\u00e7ar\u00e1 em 29\/9 \u2013 inscri\u00e7\u00f5es na Cantina"},"content":{"rendered":"<p><a href=\"http:\/\/www.ufla.br\/ascom\/wp-content\/uploads\/2014\/09\/logo-semana-meio-ambiente.jpg\"><img loading=\"lazy\" decoding=\"async\" class=\"alignleft wp-image-67983 size-medium\" src=\"http:\/\/www.ufla.br\/ascom\/wp-content\/uploads\/2014\/09\/logo-semana-meio-ambiente-249x63.jpg\" alt=\"logo-semana-meio-ambiente\" width=\"249\" height=\"63\" srcset=\"https:\/\/www.ufla.br\/dcom\/wp-content\/uploads\/2014\/09\/logo-semana-meio-ambiente-249x63.jpg 249w, https:\/\/www.ufla.br\/dcom\/wp-content\/uploads\/2014\/09\/logo-semana-meio-ambiente.jpg 452w\" sizes=\"auto, (max-width: 249px) 100vw, 249px\" \/><\/a><\/p>\n<p>A d\u00e9cima terceira edi\u00e7\u00e3o da Semana do Meio Ambiente na Universidade Federal de Lavras (UFLA) ser\u00e1 realizada no per\u00edodo de 29\/9 a 1\u00ba\/10. Quem desejar participar deve inscrever-se na Cantina Central, pela manh\u00e3 e \u00e0 tarde. O investimento \u00e9 de R$ 15,00.<\/p>\n<p>As atividades do evento ocorrer\u00e3o no Anfiteatro Professor Magno Ant\u00f4nio Patto Ramalho, no Departamento de Biologia (DBI). Na programa\u00e7\u00e3o est\u00e3o temas como o Cadastro Ambiental Rural (CAR), a recupera\u00e7\u00e3o de \u00e1reas degradadas, a outorga e o uso da \u00e1gua, a contamina\u00e7\u00e3o do solo e das \u00e1guas subterr\u00e2neas e o produtor de \u00e1guas. Al\u00e9m de professores e de estudantes de p\u00f3s-gradua\u00e7\u00e3o da UFLA, haver\u00e1\u00a0um palestrante externo &#8211; o empres\u00e1rio e professor da Universidade Fumec, de Belo Horizonte, Corn\u00e9lio Zampier \u00a0Teixeira.<\/p>\n<p>Nos tr\u00eas dias, as palestras come\u00e7am em hor\u00e1rio pr\u00f3ximo das\u00a018h. Haver\u00e1 certificados para os participantes do evento, que est\u00e1 sendo organizado por meio da parceria entre os Programas de Educa\u00e7\u00e3o Tutorial Institucional (Petis) da Engenharia Ambiental e Sanit\u00e1ria e da Engenharia Florestal, e os Programas de Educa\u00e7\u00e3o Tutorial (PET) de Agronomia e Engenharia Agr\u00edcola.<\/p>\n<p>Confira <a href=\"http:\/\/www.ufla.br\/ascom\/wp-content\/uploads\/2014\/09\/cartaz-semana-meio-ambiente.jpg\">aqui<\/a> a programa\u00e7\u00e3o detalhada. \u00c9 poss\u00edvel obter outras informa\u00e7\u00f5es pelos telefones (35) 3829-1981, \u00a0(35) 9163-0374 (Gustavo &#8211; integrante do PET-Agr\u00edcola) e (<span style=\"color: #3e454c;\">35)\u00a0<\/span><span style=\"color: #141823;\">9 150 0426 &#8211; (Gilberto Coelho &#8211; palestrante e coordenador do evento).<\/span><\/p>\n<p>.<\/p>\n","protected":false},"excerpt":{"rendered":"<p>A d\u00e9cima terceira edi\u00e7\u00e3o da Semana do Meio Ambiente na Universidade Federal de Lavras (UFLA) ser\u00e1 realizada no per\u00edodo de 29\/9 a 1\u00ba\/10. Quem desejar participar deve inscrever-se na Cantina Central, pela manh\u00e3 e \u00e0 tarde. O investimento \u00e9 de R$ 15,00. As atividades do evento ocorrer\u00e3o no Anfiteatro Professor Magno Ant\u00f4nio Patto Ramalho, no &hellip; <a href=\"https:\/\/www.ufla.br\/dcom\/2014\/09\/22\/xiii-semana-do-meio-ambiente-comecara-em-299-inscricoes-na-cantina\/\" class=\"more-link\">Continue lendo <span class=\"screen-reader-text\">XIII Semana do Meio Ambiente come\u00e7ar\u00e1 em 29\/9 \u2013 inscri\u00e7\u00f5es na Cantina<\/span> <span class=\"meta-nav\">&rarr;<\/span><\/a><\/p>\n","protected":false},"author":13,"featured_media":0,"comment_status":"closed","ping_status":"closed","sticky":false,"template":"","format":"standard","meta":{"ngg_post_thumbnail":0,"footnotes":""},"categories":[1,10],"tags":[596,924,1261],"class_list":["post-67981","post","type-post","status-publish","format-standard","hentry","category-noticias","category-menores","tag-pet","tag-peti","tag-semana-do-meio-ambiente"],"_links":{"self":[{"href":"https:\/\/www.ufla.br\/dcom\/wp-json\/wp\/v2\/posts\/67981","targetHints":{"allow":["GET"]}}],"collection":[{"href":"https:\/\/www.ufla.br\/dcom\/wp-json\/wp\/v2\/posts"}],"about":[{"href":"https:\/\/www.ufla.br\/dcom\/wp-json\/wp\/v2\/types\/post"}],"author":[{"embeddable":true,"href":"https:\/\/www.ufla.br\/dcom\/wp-json\/wp\/v2\/users\/13"}],"replies":[{"embeddable":true,"href":"https:\/\/www.ufla.br\/dcom\/wp-json\/wp\/v2\/comments?post=67981"}],"version-history":[{"count":7,"href":"https:\/\/www.ufla.br\/dcom\/wp-json\/wp\/v2\/posts\/67981\/revisions"}],"predecessor-version":[{"id":68344,"href":"https:\/\/www.ufla.br\/dcom\/wp-json\/wp\/v2\/posts\/67981\/revisions\/68344"}],"wp:attachment":[{"href":"https:\/\/www.ufla.br\/dcom\/wp-json\/wp\/v2\/media?parent=67981"}],"wp:term":[{"taxonomy":"category","embeddable":true,"href":"https:\/\/www.ufla.br\/dcom\/wp-json\/wp\/v2\/categories?post=67981"},{"taxonomy":"post_tag","embeddable":true,"href":"https:\/\/www.ufla.br\/dcom\/wp-json\/wp\/v2\/tags?post=67981"}],"curies":[{"name":"wp","href":"https:\/\/api.w.org\/{rel}","templated":true}]}}