{"id":63220,"date":"2014-09-08T14:37:55","date_gmt":"2014-09-08T17:37:55","guid":{"rendered":"http:\/\/www.ufla.br\/ascom\/?p=63220"},"modified":"2014-09-09T15:06:14","modified_gmt":"2014-09-09T18:06:14","slug":"estudante-de-nutricao-da-ufla-e-campea-brasileira-de-tae-kwon-do","status":"publish","type":"post","link":"https:\/\/www.ufla.br\/dcom\/2014\/09\/08\/estudante-de-nutricao-da-ufla-e-campea-brasileira-de-tae-kwon-do\/","title":{"rendered":"Estudante de Nutri\u00e7\u00e3o da UFLA \u00e9 campe\u00e3 brasileira de Tae Kwon-Do"},"content":{"rendered":"<p><a href=\"http:\/\/www.ufla.br\/ascom\/wp-content\/uploads\/2014\/09\/campeonato-tae-kown-DO2.jpg\"><img loading=\"lazy\" decoding=\"async\" class=\"alignleft size-medium wp-image-63221\" src=\"http:\/\/www.ufla.br\/ascom\/wp-content\/uploads\/2014\/09\/campeonato-tae-kown-DO2-249x188.jpg\" alt=\"campeonato-tae kown-DO2\" width=\"249\" height=\"188\" srcset=\"https:\/\/www.ufla.br\/dcom\/wp-content\/uploads\/2014\/09\/campeonato-tae-kown-DO2-249x188.jpg 249w, https:\/\/www.ufla.br\/dcom\/wp-content\/uploads\/2014\/09\/campeonato-tae-kown-DO2-612x463.jpg 612w, https:\/\/www.ufla.br\/dcom\/wp-content\/uploads\/2014\/09\/campeonato-tae-kown-DO2.jpg 864w\" sizes=\"auto, (max-width: 249px) 100vw, 249px\" \/><\/a>No <em>Campeonato Brasileiro Cadete, Adulto e Master de Tae Kwon-Do<\/em>, a estudante do curso de Nutri\u00e7\u00e3o da Universidade Federal de Lavras (UFLA) Mariela de Abreu sagrou-se campe\u00e3. Ela integra a Sele\u00e7\u00e3o Mineira e disputa na categoria Master (at\u00e9 57 Kg). Durante o evento, realizado em Vit\u00f3ria (ES) entre 29\/8 e 31\/8, a atleta venceu a catarinense Alexandra Simas na semifinal, e a paranaense Silvia Boberg na final, com um placar de 9 a 5.<\/p>\n<p>T\u00e9cnico da Sele\u00e7\u00e3o Mineira e da atleta, Mestre Valdeci Zampieri ficou satisfeito com o desempenho de Mariela e disse que ela est\u00e1 no caminho certo. \u201cCada competi\u00e7\u00e3o \u00e9 um novo aprendizado, que colabora para nos aprimorarmos cada vez mais\u201d, comenta.<\/p>\n<p>Pelo suporte e apoio que recebeu em sua prepara\u00e7\u00e3o, a atleta agradece ao professor do Departamento de Educa\u00e7\u00e3o F\u00edsica (DEF) e coordenador do projeto de Atletismo Cria \u2013 Lavras, Fernando Roberto de Oliveira. Agora, Mariela prepara-se para a pr\u00f3xima competi\u00e7\u00e3o: a Copa do Brasil, que ser\u00e1 realizada em Natal (RN), em outubro.<\/p>\n<p>O Campeonato realizado em Vit\u00f3ria tem a chancela da Confedera\u00e7\u00e3o Brasileira de Tae Kwon-Do e valor de 20 pontos para o Ranking Nacional Brasileiro.<\/p>\n","protected":false},"excerpt":{"rendered":"<p>No Campeonato Brasileiro Cadete, Adulto e Master de Tae Kwon-Do, a estudante do curso de Nutri\u00e7\u00e3o da Universidade Federal de Lavras (UFLA) Mariela de Abreu sagrou-se campe\u00e3. Ela integra a Sele\u00e7\u00e3o Mineira e disputa na categoria Master (at\u00e9 57 Kg). Durante o evento, realizado em Vit\u00f3ria (ES) entre 29\/8 e 31\/8, a atleta venceu a &hellip; <a href=\"https:\/\/www.ufla.br\/dcom\/2014\/09\/08\/estudante-de-nutricao-da-ufla-e-campea-brasileira-de-tae-kwon-do\/\" class=\"more-link\">Continue lendo <span class=\"screen-reader-text\">Estudante de Nutri\u00e7\u00e3o da UFLA \u00e9 campe\u00e3 brasileira de Tae Kwon-Do<\/span> <span class=\"meta-nav\">&rarr;<\/span><\/a><\/p>\n","protected":false},"author":13,"featured_media":0,"comment_status":"closed","ping_status":"closed","sticky":false,"template":"","format":"standard","meta":{"ngg_post_thumbnail":0,"footnotes":""},"categories":[1,10],"tags":[1180],"class_list":["post-63220","post","type-post","status-publish","format-standard","hentry","category-noticias","category-menores","tag-tae-kwon-do"],"_links":{"self":[{"href":"https:\/\/www.ufla.br\/dcom\/wp-json\/wp\/v2\/posts\/63220","targetHints":{"allow":["GET"]}}],"collection":[{"href":"https:\/\/www.ufla.br\/dcom\/wp-json\/wp\/v2\/posts"}],"about":[{"href":"https:\/\/www.ufla.br\/dcom\/wp-json\/wp\/v2\/types\/post"}],"author":[{"embeddable":true,"href":"https:\/\/www.ufla.br\/dcom\/wp-json\/wp\/v2\/users\/13"}],"replies":[{"embeddable":true,"href":"https:\/\/www.ufla.br\/dcom\/wp-json\/wp\/v2\/comments?post=63220"}],"version-history":[{"count":1,"href":"https:\/\/www.ufla.br\/dcom\/wp-json\/wp\/v2\/posts\/63220\/revisions"}],"predecessor-version":[{"id":63222,"href":"https:\/\/www.ufla.br\/dcom\/wp-json\/wp\/v2\/posts\/63220\/revisions\/63222"}],"wp:attachment":[{"href":"https:\/\/www.ufla.br\/dcom\/wp-json\/wp\/v2\/media?parent=63220"}],"wp:term":[{"taxonomy":"category","embeddable":true,"href":"https:\/\/www.ufla.br\/dcom\/wp-json\/wp\/v2\/categories?post=63220"},{"taxonomy":"post_tag","embeddable":true,"href":"https:\/\/www.ufla.br\/dcom\/wp-json\/wp\/v2\/tags?post=63220"}],"curies":[{"name":"wp","href":"https:\/\/api.w.org\/{rel}","templated":true}]}}