{"id":6069,"date":"2011-09-20T10:13:54","date_gmt":"2011-09-20T13:13:54","guid":{"rendered":"http:\/\/www.ufla.br\/ascom\/?p=6069"},"modified":"2011-09-26T09:45:42","modified_gmt":"2011-09-26T12:45:42","slug":"ufla-e-pm-realizam-campanha-de-conscientizacao-do-transito-no-campus","status":"publish","type":"post","link":"https:\/\/www.ufla.br\/dcom\/2011\/09\/20\/ufla-e-pm-realizam-campanha-de-conscientizacao-do-transito-no-campus\/","title":{"rendered":"UFLA e PM realizam campanha de conscientiza\u00e7\u00e3o do tr\u00e2nsito no c\u00e2mpus"},"content":{"rendered":"<p><a href=\"http:\/\/www.ufla.br\/ascom\/wp-content\/uploads\/2011\/09\/Transito.jpg\"><img loading=\"lazy\" decoding=\"async\" class=\"alignleft size-medium wp-image-6070\" title=\"Transito\" src=\"http:\/\/www.ufla.br\/ascom\/wp-content\/uploads\/2011\/09\/Transito-300x201.jpg\" alt=\"\" width=\"300\" height=\"201\" srcset=\"https:\/\/www.ufla.br\/dcom\/wp-content\/uploads\/2011\/09\/Transito-300x201.jpg 300w, https:\/\/www.ufla.br\/dcom\/wp-content\/uploads\/2011\/09\/Transito.jpg 719w\" sizes=\"auto, (max-width: 300px) 100vw, 300px\" \/><\/a><\/p>\n<p>A\u00a0Pol\u00edcia Militar (PM) e a Universidade Federal de Lavras (UFLA) participam da Semana Nacional do Tr\u00e2nsito, que nesta edi\u00e7\u00e3o tem como tema &#8220;D\u00e9cada Mundial de A\u00e7\u00f5es Para a Seguran\u00e7a do Tr\u00e2nsito &#8211; 2011\/2020: Juntos Podemos Salvar Milh\u00f5es de Vidas&#8221;. Na UFLA, haver\u00e1 uma campanha de conscientiza\u00e7\u00e3o para o tr\u00e2nsito no c\u00e2mpus, com a realiza\u00e7\u00e3o de <em>blits<\/em> educativas e distribui\u00e7\u00e3o de cartilhas.<\/p>\n<p>Dentre os princ\u00edpios que ser\u00e3o destacados na campanha, o respeito ao pedestre, a aten\u00e7\u00e3o \u00e0 sinaliza\u00e7\u00e3o e aos limites de velocidade, que nas vias do c\u00e2mpus n\u00e3o deve ultrapassar 40 km\/h.<\/p>\n<p>Vale lembrar que, em mar\u00e7o, a Organiza\u00e7\u00e3o das Na\u00e7\u00f5es Unidas (ONU) proclamou oficialmente o per\u00edodo de 2011 a 2020 como a D\u00e9cada Mundial de A\u00e7\u00e3o pela Seguran\u00e7a no Tr\u00e2nsito, a fim de estimular esfor\u00e7os em todo o mundo para conter e reverter a tend\u00eancia crescente de fatalidades e ferimentos graves em acidentes no tr\u00e2nsito.<\/p>\n<p>Veja a programa\u00e7\u00e3o<\/p>\n<p>Dia 20\/09 &#8211; Blitz e distribui\u00e7\u00e3o de cartilhas no Port\u00e3o principal &#8211; De 6h30 a 8h30, de 12h30 a 14h30 e de 18h30 a 19h30<\/p>\n<p>Dia 21\/09 &#8211; Apresenta\u00e7\u00e3o da Banda do 8\u00ba Batalh\u00e3o, presen\u00e7a do PM Amigo Legal e da Base Comunit\u00e1ria M\u00f3vel e distribui\u00e7\u00e3o de cartilhas na cantina central \u2013 11h30 \u00e0s 12h30.<\/p>\n<p>Dia 22 &#8211; Blitz e distribui\u00e7\u00e3o de cartilhas no Port\u00e3o 2 (Pitangui) &#8211; De 6h30 a 8h30, de 12h30 a 14h30 e de 18h30 a 19h30<\/p>\n<p>Assista ao v\u00eddeo da TV Universit\u00e1ria<\/p>\n[vsw id=&#8221;0n-AJoGpQlU&#8221; source=&#8221;youtube&#8221; width=&#8221;425&#8243; height=&#8221;344&#8243; autoplay=&#8221;no&#8221;]\n<p>&nbsp;<\/p>\n","protected":false},"excerpt":{"rendered":"<p>A Pol\u00edcia Militar (PM) e a Universidade Federal de Lavras (UFLA) participam da Semana Nacional do Tr\u00e2nsito, que nesta edi\u00e7\u00e3o tem como tema &#8220;D\u00e9cada Mundial de A\u00e7\u00f5es Para a Seguran\u00e7a do Tr\u00e2nsito &#8211; 2011\/2020 (&#8230;)<\/p>\n","protected":false},"author":6,"featured_media":0,"comment_status":"closed","ping_status":"closed","sticky":false,"template":"","format":"standard","meta":{"ngg_post_thumbnail":0,"footnotes":""},"categories":[1],"tags":[460],"class_list":["post-6069","post","type-post","status-publish","format-standard","hentry","category-noticias","tag-transito"],"_links":{"self":[{"href":"https:\/\/www.ufla.br\/dcom\/wp-json\/wp\/v2\/posts\/6069","targetHints":{"allow":["GET"]}}],"collection":[{"href":"https:\/\/www.ufla.br\/dcom\/wp-json\/wp\/v2\/posts"}],"about":[{"href":"https:\/\/www.ufla.br\/dcom\/wp-json\/wp\/v2\/types\/post"}],"author":[{"embeddable":true,"href":"https:\/\/www.ufla.br\/dcom\/wp-json\/wp\/v2\/users\/6"}],"replies":[{"embeddable":true,"href":"https:\/\/www.ufla.br\/dcom\/wp-json\/wp\/v2\/comments?post=6069"}],"version-history":[{"count":5,"href":"https:\/\/www.ufla.br\/dcom\/wp-json\/wp\/v2\/posts\/6069\/revisions"}],"predecessor-version":[{"id":6072,"href":"https:\/\/www.ufla.br\/dcom\/wp-json\/wp\/v2\/posts\/6069\/revisions\/6072"}],"wp:attachment":[{"href":"https:\/\/www.ufla.br\/dcom\/wp-json\/wp\/v2\/media?parent=6069"}],"wp:term":[{"taxonomy":"category","embeddable":true,"href":"https:\/\/www.ufla.br\/dcom\/wp-json\/wp\/v2\/categories?post=6069"},{"taxonomy":"post_tag","embeddable":true,"href":"https:\/\/www.ufla.br\/dcom\/wp-json\/wp\/v2\/tags?post=6069"}],"curies":[{"name":"wp","href":"https:\/\/api.w.org\/{rel}","templated":true}]}}