{"id":5749,"date":"2011-09-09T17:10:23","date_gmt":"2011-09-09T20:10:23","guid":{"rendered":"http:\/\/www.ufla.br\/ascom\/?p=5749"},"modified":"2011-09-19T08:43:40","modified_gmt":"2011-09-19T11:43:40","slug":"espetaculo-teatral-marca-abertura-do-vi-conex-nesta-segunda-feira-12","status":"publish","type":"post","link":"https:\/\/www.ufla.br\/dcom\/2011\/09\/09\/espetaculo-teatral-marca-abertura-do-vi-conex-nesta-segunda-feira-12\/","title":{"rendered":"Espet\u00e1culo teatral marca abertura do VI Conex nesta segunda-feira (12)"},"content":{"rendered":"<h6>Cibele Aguiar<\/h6>\n<p><a href=\"http:\/\/www.ufla.br\/ascom\/wp-content\/uploads\/2011\/09\/teatro.jpg\"><img loading=\"lazy\" decoding=\"async\" class=\"alignright size-medium wp-image-5750\" title=\"teatro\" src=\"http:\/\/www.ufla.br\/ascom\/wp-content\/uploads\/2011\/09\/teatro-300x215.jpg\" alt=\"\" width=\"300\" height=\"215\" srcset=\"https:\/\/www.ufla.br\/dcom\/wp-content\/uploads\/2011\/09\/teatro-300x215.jpg 300w, https:\/\/www.ufla.br\/dcom\/wp-content\/uploads\/2011\/09\/teatro.jpg 381w\" sizes=\"auto, (max-width: 300px) 100vw, 300px\" \/><\/a>Em sua sexta edi\u00e7\u00e3o, as atividades culturais dar\u00e3o um tom especial ao Congresso de Extens\u00e3o da Universidade Federal de Lavras (Conex), que objetiva divulgar os conhecimentos gerados na universidade e disseminar tecnologias j\u00e1 dispon\u00edveis para a sociedade. Al\u00e9m de minicursos e palestras, ser\u00e3o apresentadas atividades culturais todos os dias da semana. Os eventos s\u00e3o uma promo\u00e7\u00e3o da Pr\u00f3-Reitoria de Extens\u00e3o e Cultura (Proec). Com exce\u00e7\u00e3o da quarta-feira (14), as apresenta\u00e7\u00f5es acontecem \u00e0s 12 horas, na Cantiga Central.<\/p>\n<p>Na segunda-feira (12), o grupo Virundangas apresenta o espet\u00e1culo \u201cAndarilhos dos Sonhos\u201d, \u00e0s 12 horas, na Cantina Central da UFLA. Uma hist\u00f3ria m\u00e1gica sobre Agapito, um campon\u00eas sem terra, pastor de ovelha sem ovelhas. Uma aventura de amor em busca de Panchita, por meio de cantigas de rodas e da interpreta\u00e7\u00e3o de personagens especiais. O grupo \u00e9 formado por profissionais graduados pelo curso de Artes C\u00eanicas da Universidade Federal de Ouro Preto (Ufop), tendo como caracter\u00edstica a investiga\u00e7\u00e3o de uma pluralidade de linguagens c\u00eanicas. O espet\u00e1culo que ser\u00e1 apresentado na UFLA recebeu, em 2009, o pr\u00eamio Funarte Artes C\u00eanicas na Rua. <strong>Imperd\u00edvel!<\/strong><\/p>\n<p><strong>Veja a programa\u00e7\u00e3o cultural para toda a semana:<\/strong><\/p>\n<p>12\/09 \u2013<strong> Virundangas \u2013 \u201cAndarilhos dos Sonhos\u201d, 12 horas<\/strong><\/p>\n<p>13\/9 \u2013<strong>Pacman \u2013 50 minutos de nostalgia\/cl\u00e1ssicos oitentistas, 12 horas<\/strong><\/p>\n<p>14\/9 \u2013<strong> Grupo Universit\u00e1rio de Teatro (UFLA) \u2013 no Anfiteatro da biblioteca Universit\u00e1ria, 12 horas<\/strong><\/p>\n<p>15\/9 \u2013<strong> Breno e Proc\u00f3pio, 12 horas\u00a0\u00a0 <\/strong><\/p>\n<p>16\/9<strong> Quarteto de Cordas , 12 horas\u00a0<\/strong><\/p>\n<p>&nbsp;<\/p>\n","protected":false},"excerpt":{"rendered":"<p>Em sua sexta edi\u00e7\u00e3o, as atividades culturais dar\u00e3o um tom especial ao Congresso de Extens\u00e3o da Universidade Federal de Lavras (Conex), que objetiva divulgar os (&#8230;)<\/p>\n","protected":false},"author":9,"featured_media":0,"comment_status":"closed","ping_status":"closed","sticky":false,"template":"","format":"standard","meta":{"ngg_post_thumbnail":0,"footnotes":""},"categories":[1],"tags":[382,71],"class_list":["post-5749","post","type-post","status-publish","format-standard","hentry","category-noticias","tag-congressos","tag-cultura"],"_links":{"self":[{"href":"https:\/\/www.ufla.br\/dcom\/wp-json\/wp\/v2\/posts\/5749","targetHints":{"allow":["GET"]}}],"collection":[{"href":"https:\/\/www.ufla.br\/dcom\/wp-json\/wp\/v2\/posts"}],"about":[{"href":"https:\/\/www.ufla.br\/dcom\/wp-json\/wp\/v2\/types\/post"}],"author":[{"embeddable":true,"href":"https:\/\/www.ufla.br\/dcom\/wp-json\/wp\/v2\/users\/9"}],"replies":[{"embeddable":true,"href":"https:\/\/www.ufla.br\/dcom\/wp-json\/wp\/v2\/comments?post=5749"}],"version-history":[{"count":6,"href":"https:\/\/www.ufla.br\/dcom\/wp-json\/wp\/v2\/posts\/5749\/revisions"}],"predecessor-version":[{"id":6021,"href":"https:\/\/www.ufla.br\/dcom\/wp-json\/wp\/v2\/posts\/5749\/revisions\/6021"}],"wp:attachment":[{"href":"https:\/\/www.ufla.br\/dcom\/wp-json\/wp\/v2\/media?parent=5749"}],"wp:term":[{"taxonomy":"category","embeddable":true,"href":"https:\/\/www.ufla.br\/dcom\/wp-json\/wp\/v2\/categories?post=5749"},{"taxonomy":"post_tag","embeddable":true,"href":"https:\/\/www.ufla.br\/dcom\/wp-json\/wp\/v2\/tags?post=5749"}],"curies":[{"name":"wp","href":"https:\/\/api.w.org\/{rel}","templated":true}]}}