{"id":5744,"date":"2011-09-09T17:03:54","date_gmt":"2011-09-09T20:03:54","guid":{"rendered":"http:\/\/www.ufla.br\/ascom\/?p=5744"},"modified":"2011-09-12T16:02:49","modified_gmt":"2011-09-12T19:02:49","slug":"ensino-pesquisa-e-extensao-ufla-realiza-tres-congressos-simultaneos-na-proxima-semana","status":"publish","type":"post","link":"https:\/\/www.ufla.br\/dcom\/2011\/09\/09\/ensino-pesquisa-e-extensao-ufla-realiza-tres-congressos-simultaneos-na-proxima-semana\/","title":{"rendered":"Ensino, Pesquisa e Extens\u00e3o: UFLA realiza tr\u00eas congressos simult\u00e2neos"},"content":{"rendered":"<h6>Cibele Aguiar<\/h6>\n<p><a href=\"http:\/\/www.ufla.br\/ascom\/wp-content\/uploads\/2011\/08\/21.08-Congressos-Setembro1-300x133.jpg\"><img loading=\"lazy\" decoding=\"async\" class=\"alignright size-full wp-image-5215\" title=\"21.08 Congressos-Setembro1-300x133\" src=\"http:\/\/www.ufla.br\/ascom\/wp-content\/uploads\/2011\/08\/21.08-Congressos-Setembro1-300x133.jpg\" alt=\"\" width=\"300\" height=\"133\" \/><\/a>A Universidade Federal de Lavras (UFLA) sediar\u00e1, entre os dias 12 e 16 de setembro de 2011, o evento \u201cCi\u00eancia, Tecnologia e Extens\u00e3o na Universidade\u201d, com a realiza\u00e7\u00e3o simult\u00e2nea do XXIV Congresso de Inicia\u00e7\u00e3o Cient\u00edfica (CIUFLA), o VI Congresso de Extens\u00e3o (CONEX) e o XX Congresso de P\u00f3s-Gradua\u00e7\u00e3o. A cerim\u00f4nia de abertura dos tr\u00eas eventos acontece na pr\u00f3xima segunda-feira (12), \u00e0s 8 horas, no Sal\u00e3o de Conven\u00e7\u00f5es da Universidade. \u00a0A programa\u00e7\u00e3o completa pode ser acessada no site <a href=\"http:\/\/ufla.br\/congressos\">http:\/\/ufla.br\/congressos<\/a><\/p>\n<p>Na cerim\u00f4nia de abertura, haver\u00e1 a entrega de pr\u00eamios aos melhores trabalhos de Inicia\u00e7\u00e3o Cient\u00edfica, Inicia\u00e7\u00e3o Cient\u00edfica J\u00fanior e P\u00f3s-Gradua\u00e7\u00e3o. Haver\u00e1 tamb\u00e9m a palestra da coordenadora geral do programa de Pesquisa em Agropecu\u00e1ria e Biotecnologia do CNPq, Maria Auxiliadora da Silveira Pereira Neves.<\/p>\n<p><strong><em>Mais de mil resumos no CIUFLA<\/em><\/strong><\/p>\n<p>Para o XXIV Congresso de Inicia\u00e7\u00e3o Cient\u00edfica (CIUFLA) ser\u00e3o apresentados 1192 resumos de cerca de 750 estudantes bolsistas de Inicia\u00e7\u00e3o Cient\u00edfica (IC), que inclui os participantes do PIBIC\/CNPq e PIBIC\/FAPEMIG, al\u00e9m dos bolsistas do Programa Institucional de Bolsas de Inicia\u00e7\u00e3o Cient\u00edfica em Desenvolvimento Tecnol\u00f3gico e Inova\u00e7\u00e3o \u2013 PIBITI\/CNPq e mais 150 estudantes do ensino m\u00e9dio, participantes do Programa de Bolsas de Inicia\u00e7\u00e3o Cient\u00edfica J\u00fanior (BIC-J\u00fanior). \u00a0A UFLA tamb\u00e9m conta com 344 estudantes que participam do Programa Institucional Volunt\u00e1rio de Inicia\u00e7\u00e3o Cient\u00edfica (PIVIC\/UFLA). Ao longo da semana, ser\u00e3o apresentadas sete sess\u00f5es de p\u00f4steres, conforme a programa\u00e7\u00e3o.<\/p>\n<p><strong><em>Resultados da P\u00f3s-Gradua\u00e7\u00e3o<\/em><\/strong><\/p>\n<p>Para sua 20\u00aa edi\u00e7\u00e3o, o Congresso de P\u00f3s-Gradua\u00e7\u00e3o recebeu cerca de\u00a0700\u00a0inscri\u00e7\u00f5es, com um total aproximado de 800 trabalhos.\u00a0A programa\u00e7\u00e3o contar\u00e1 ainda com 15 palestras e\u00a020 minicursos, totalizando a participa\u00e7\u00e3o de 42 prelecionistas. A organiza\u00e7\u00e3o do evento \u00e9 realizada pela Associa\u00e7\u00e3o dos P\u00f3s-Graduandos (APG\/UFLA), composta por\u00a0nove\u00a0coordenadores\u00a0(Diogo Francisco Rossoni , Fernanda de Oliveira Bustamante, Isabel Cristina Alves, Alessandra Farias Millezi, Elisa Zwick, Caroline Cambraia Campos, Priscila Cotta Palhares, Jairo Azevedo J\u00fanior e Lucas Eduardo Silva Cavanellas)\u00a0mais quatro colaboradores (Manuela de Oliveira Botrel, Leandro Marciano Marra, Jair Rocha do Prado e Gustavo Salgado Martins). A organiza\u00e7\u00e3o das palestras e minicursos teve ainda a contribui\u00e7\u00e3o de 23 representantes discentes\u00a0dos programas de p\u00f3s-gradua\u00e7\u00e3o.<\/p>\n<p><strong><em>\u00a0<\/em><\/strong><strong><em>Minicurso de Extens\u00e3o<\/em><\/strong><\/p>\n<p>Na programa\u00e7\u00e3o da 6\u00aa edi\u00e7\u00e3o do Congresso de Extens\u00e3o, durante toda a semana, ser\u00e3o realizados 26 minicursos e palestras, com abordagens em diferentes \u00e1reas do conhecimento. O minicurso \u201cManejo de pomar dom\u00e9stico\u201d ser\u00e1 ministrado no pomar da Universidade, os demais cursos ser\u00e3o ministrados no Centro de Treinamento da Funda\u00e7\u00e3o de Apoio ao Ensino, Pesquisa e Extens\u00e3o (Faepe), no Anfiteatro da Biblioteca Universit\u00e1ria e Anfiteatro do Departamento de Biologia (DBI).<\/p>\n<p><span style=\"text-decoration: underline;\">Veja a lista de minicursos<\/span><\/p>\n","protected":false},"excerpt":{"rendered":"<p> Universidade Federal de Lavras (UFLA) sediar\u00e1, entre os dias 12 e 16 de setembro de 2011, o evento \u201cCi\u00eancia, Tecnologia e Extens\u00e3o na Universidade\u201d, com a realiza\u00e7\u00e3o simult\u00e2nea do XXIV Congresso de Inicia\u00e7\u00e3o Cient\u00edfica (CIUFLA), o VI Congresso de Extens\u00e3o (CONEX) e o XX Congresso de P\u00f3s-Gradua\u00e7\u00e3o. (&#8230;)<\/p>\n","protected":false},"author":6,"featured_media":0,"comment_status":"closed","ping_status":"closed","sticky":false,"template":"","format":"standard","meta":{"ngg_post_thumbnail":0,"footnotes":""},"categories":[1],"tags":[482,382],"class_list":["post-5744","post","type-post","status-publish","format-standard","hentry","category-noticias","tag-conex","tag-congressos"],"_links":{"self":[{"href":"https:\/\/www.ufla.br\/dcom\/wp-json\/wp\/v2\/posts\/5744","targetHints":{"allow":["GET"]}}],"collection":[{"href":"https:\/\/www.ufla.br\/dcom\/wp-json\/wp\/v2\/posts"}],"about":[{"href":"https:\/\/www.ufla.br\/dcom\/wp-json\/wp\/v2\/types\/post"}],"author":[{"embeddable":true,"href":"https:\/\/www.ufla.br\/dcom\/wp-json\/wp\/v2\/users\/6"}],"replies":[{"embeddable":true,"href":"https:\/\/www.ufla.br\/dcom\/wp-json\/wp\/v2\/comments?post=5744"}],"version-history":[{"count":8,"href":"https:\/\/www.ufla.br\/dcom\/wp-json\/wp\/v2\/posts\/5744\/revisions"}],"predecessor-version":[{"id":5820,"href":"https:\/\/www.ufla.br\/dcom\/wp-json\/wp\/v2\/posts\/5744\/revisions\/5820"}],"wp:attachment":[{"href":"https:\/\/www.ufla.br\/dcom\/wp-json\/wp\/v2\/media?parent=5744"}],"wp:term":[{"taxonomy":"category","embeddable":true,"href":"https:\/\/www.ufla.br\/dcom\/wp-json\/wp\/v2\/categories?post=5744"},{"taxonomy":"post_tag","embeddable":true,"href":"https:\/\/www.ufla.br\/dcom\/wp-json\/wp\/v2\/tags?post=5744"}],"curies":[{"name":"wp","href":"https:\/\/api.w.org\/{rel}","templated":true}]}}