{"id":5303,"date":"2011-08-24T10:41:23","date_gmt":"2011-08-24T13:41:23","guid":{"rendered":"http:\/\/www.ufla.br\/ascom\/?p=5303"},"modified":"2011-08-30T10:52:47","modified_gmt":"2011-08-30T13:52:47","slug":"tvu-divulga-reportagem-sobre-circuito-superacao-vale-a-pena-conferir","status":"publish","type":"post","link":"https:\/\/www.ufla.br\/dcom\/2011\/08\/24\/tvu-divulga-reportagem-sobre-circuito-superacao-vale-a-pena-conferir\/","title":{"rendered":"TVU divulga reportagem sobre circuito SuperA\u00e7\u00e3o: vale a pena conferir!"},"content":{"rendered":"<p><a href=\"http:\/\/www.ufla.br\/ascom\/wp-content\/uploads\/2011\/08\/DSC04284.jpg\"><img loading=\"lazy\" decoding=\"async\" class=\"alignright size-medium wp-image-5304\" title=\"SONY DSC\" src=\"http:\/\/www.ufla.br\/ascom\/wp-content\/uploads\/2011\/08\/DSC04284-300x200.jpg\" alt=\"\" width=\"300\" height=\"200\" srcset=\"https:\/\/www.ufla.br\/dcom\/wp-content\/uploads\/2011\/08\/DSC04284-300x200.jpg 300w, https:\/\/www.ufla.br\/dcom\/wp-content\/uploads\/2011\/08\/DSC04284.jpg 750w\" sizes=\"auto, (max-width: 300px) 100vw, 300px\" \/><\/a>O evento realizado no \u00faltimo domingo (21), no c\u00e2mpus da Universidade Federal de Lavras (UFLA), que reuniu cerca de 1500 participantes para o circuito SuperA\u00e7\u00e3o Sa\u00fade 2011, foi retratado em reportagem da TV Universit\u00e1ria. Para quem n\u00e3o teve oportunidade de assistir, vale a pena conferir. O evento foi promovido pela empresa Magneti Marelli em parceria com a Sa\u00fade Esportes e contou com o apoio da Coordenadoria de Esportes da Pr\u00f3-Reitoria de Assuntos Estudantis e Comunit\u00e1rios (Praec) e do Departamento de Educa\u00e7\u00e3o F\u00edsica da Universidade,.<\/p>\n<p><strong><em>Em tempo: <\/em><\/strong>Atletas do Centro Regional de Inicia\u00e7\u00e3o ao Atletismoda UFLA (CRIA Lavras\/Leufla), coordenado pelo professor Fernando Roberto de Oliveira, participaram da etapa realizada em Lavras. O atleta Danilo Leonel Alves, estudante do curso de Educa\u00e7\u00e3o F\u00edsica da UFLA, conhecido como Ventania, terminou a prova em segundo lugar na corrida (10 Km), com um tempo de prova de 42 minutos, na categoria 18 a 35 anos. O atleta obteve a coloca\u00e7\u00e3o de sexto lugar na classifica\u00e7\u00e3o geral.<\/p>\n<p><strong>Confira a reportagem<\/strong><\/p>\n[youtube]jX4zR3bD1XU[\/youtube]\n<p><strong>Reportagem:<\/strong>\u00a0Kellen Assis<br \/>\n<strong>Imagens:<\/strong> Luis Alberto Soares<\/p>\n<p>&nbsp;<\/p>\n","protected":false},"excerpt":{"rendered":"<p>O evento realizado no \u00faltimo domingo (21), no c\u00e2mpus da Universidade Federal de Lavras (UFLA), que reuniu cerca de 1500 participantes para o circuito SuperA\u00e7\u00e3o Sa\u00fade 2011 (&#8230;)<\/p>\n","protected":false},"author":9,"featured_media":0,"comment_status":"closed","ping_status":"closed","sticky":false,"template":"","format":"standard","meta":{"ngg_post_thumbnail":0,"footnotes":""},"categories":[10],"tags":[210,435,13],"class_list":["post-5303","post","type-post","status-publish","format-standard","hentry","category-menores","tag-esporte-2","tag-superacao","tag-ufla"],"_links":{"self":[{"href":"https:\/\/www.ufla.br\/dcom\/wp-json\/wp\/v2\/posts\/5303","targetHints":{"allow":["GET"]}}],"collection":[{"href":"https:\/\/www.ufla.br\/dcom\/wp-json\/wp\/v2\/posts"}],"about":[{"href":"https:\/\/www.ufla.br\/dcom\/wp-json\/wp\/v2\/types\/post"}],"author":[{"embeddable":true,"href":"https:\/\/www.ufla.br\/dcom\/wp-json\/wp\/v2\/users\/9"}],"replies":[{"embeddable":true,"href":"https:\/\/www.ufla.br\/dcom\/wp-json\/wp\/v2\/comments?post=5303"}],"version-history":[{"count":4,"href":"https:\/\/www.ufla.br\/dcom\/wp-json\/wp\/v2\/posts\/5303\/revisions"}],"predecessor-version":[{"id":5307,"href":"https:\/\/www.ufla.br\/dcom\/wp-json\/wp\/v2\/posts\/5303\/revisions\/5307"}],"wp:attachment":[{"href":"https:\/\/www.ufla.br\/dcom\/wp-json\/wp\/v2\/media?parent=5303"}],"wp:term":[{"taxonomy":"category","embeddable":true,"href":"https:\/\/www.ufla.br\/dcom\/wp-json\/wp\/v2\/categories?post=5303"},{"taxonomy":"post_tag","embeddable":true,"href":"https:\/\/www.ufla.br\/dcom\/wp-json\/wp\/v2\/tags?post=5303"}],"curies":[{"name":"wp","href":"https:\/\/api.w.org\/{rel}","templated":true}]}}