{"id":52820,"date":"2014-08-29T08:30:00","date_gmt":"2014-08-29T11:30:00","guid":{"rendered":"http:\/\/www.ufla.br\/ascom\/?p=52820"},"modified":"2014-09-03T15:07:53","modified_gmt":"2014-09-03T18:07:53","slug":"simposio-de-manejo-de-unidades-de-conservacao-traz-vencedor-do-nobel-a-ufla","status":"publish","type":"post","link":"https:\/\/www.ufla.br\/dcom\/2014\/08\/29\/simposio-de-manejo-de-unidades-de-conservacao-traz-vencedor-do-nobel-a-ufla\/","title":{"rendered":"Simp\u00f3sio de Manejo de Unidades de Conserva\u00e7\u00e3o traz vencedor do Nobel \u00e0 UFLA"},"content":{"rendered":"<p><a href=\"http:\/\/www.ufla.br\/ascom\/wp-content\/uploads\/2014\/08\/simuc.jpg\"><img loading=\"lazy\" decoding=\"async\" class=\"alignleft size-medium wp-image-52821\" src=\"http:\/\/www.ufla.br\/ascom\/wp-content\/uploads\/2014\/08\/simuc-249x91.jpg\" alt=\"simuc\" width=\"249\" height=\"91\" srcset=\"https:\/\/www.ufla.br\/dcom\/wp-content\/uploads\/2014\/08\/simuc-249x91.jpg 249w, https:\/\/www.ufla.br\/dcom\/wp-content\/uploads\/2014\/08\/simuc.jpg 460w\" sizes=\"auto, (max-width: 249px) 100vw, 249px\" \/><\/a>Um dos palestrantes do Simp\u00f3sio de Manejo de Unidades de Conserva\u00e7\u00e3o, que ser\u00e1 de 2 a 4 de setembro na UFLA, \u00e9 o pesquisador Philip Martin Fearnside, vencedor do pr\u00eamio Nobel da Paz de 2007. O evento discutir\u00e1 os desafios e os aspectos jur\u00eddicos relativos ao manejo de unidades de conserva\u00e7\u00e3o \u2013 locais onde h\u00e1 prote\u00e7\u00e3o da fauna, flora, rios, montanhas, enfim, dos recursos naturais. Tamb\u00e9m atualizar\u00e1 o p\u00fablico-alvo sobre ferramentas que a sociedade pode usar para a manuten\u00e7\u00e3o e cria\u00e7\u00e3o de novas unidades de conserva\u00e7\u00e3o. O simp\u00f3sio ser\u00e1 focado principalmente nos temas pertinentes \u00e0s unidades do Sul de Minas Gerais.<\/p>\n<p>As mesas-redondas, palestras e discuss\u00f5es ocorrer\u00e3o no Audit\u00f3rio Magno Antonio Patto Ramalho, no Departamento de Biologia da UFLA (DBI), a partir das 17 horas. As inscri\u00e7\u00f5es est\u00e3o encerradas.<\/p>\n<p><strong>Prelecionistas<\/strong><\/p>\n<p>O pesquisador Philip Martin Fearnside \u00e9 bi\u00f3logo e pesquisador do Instituto Nacional de Pesquisas da Amaz\u00f4nia (<a href=\"https:\/\/www.inpa.gov.br\/\">INPA<\/a>), onde estuda problemas ambientais decorrentes do desmatamento. Al\u00e9m disso, realiza estimativas de capacidade de suporte de agro-ecossistemas tropicais para popula\u00e7\u00f5es humanas e estudos sobre impactos de diferentes modos de desenvolvimento. Desde a d\u00e9cada de 1990, promove a capta\u00e7\u00e3o do valor dos servi\u00e7os ambientais da floresta amaz\u00f4nica como forma de desenvolvimento sustent\u00e1vel para as popula\u00e7\u00f5es rurais naquela regi\u00e3o. O pr\u00eamio Nobel, recebido em 2007, foi recebido em conjunto com outros pesquisadores do <em>Intergovernmental Panel on Climate Change<\/em> (IPCC). Por mais de 40 anos, Fearnside vem alertando sobre a destrui\u00e7\u00e3o das florestas.<\/p>\n<p>Tamb\u00e9m integram a programa\u00e7\u00e3o a ec\u00f3loga K\u00e1tia Cury (gestora do Parque Estadual Intervales e Esta\u00e7\u00e3o Ecol\u00f3gica de Xitu\u00ea); a engenheira florestal Selma Cristina Ribeiro (ICMBio); o engenheiro florestal Dalmo Arantes de Barros; Bergson Cardoso Guimar\u00e3es (promotor de Justi\u00e7a e coordenador Regional das Promotorias de Justi\u00e7a de Defesa do Meio Ambiente da Bacia do Rio Grande &#8211; Sul de Minas); e Leonardo Cardoso Ivo (ex-diretor de \u00c1reas Protegidas do IEF-MG, administrador com especializa\u00e7\u00e3o em Administra\u00e7\u00e3o Financeira com \u00eanfase na \u00e1rea ambiental).<\/p>\n<p>O evento \u00e9 uma realiza\u00e7\u00e3o do N\u00facleo de Estudos de Manejo de Unidades de Conserva\u00e7\u00e3o (Neuc) e Programa de Educa\u00e7\u00e3o Tutorial Institucional (Peti Engenharia Florestal), com o apoio do DCF.<\/p>\n<p>Saiba mais sobre o evento em: <a href=\"http:\/\/simposiouc.wix.com\/simposio\">http:\/\/simposiouc.wix.com\/simposio<\/a>.<\/p>\n<p>&nbsp;<\/p>\n","protected":false},"excerpt":{"rendered":"<p>Um dos palestrantes do Simp\u00f3sio de Manejo de Unidades de Conserva\u00e7\u00e3o, que ser\u00e1 de 2 a 4 de setembro na UFLA, \u00e9 o pesquisador Philip Martin Fearnside, vencedor do pr\u00eamio Nobel da Paz de 2007. O evento discutir\u00e1 os desafios e os aspectos jur\u00eddicos relativos ao manejo de unidades de conserva\u00e7\u00e3o \u2013 locais onde h\u00e1 &hellip; <a href=\"https:\/\/www.ufla.br\/dcom\/2014\/08\/29\/simposio-de-manejo-de-unidades-de-conservacao-traz-vencedor-do-nobel-a-ufla\/\" class=\"more-link\">Continue lendo <span class=\"screen-reader-text\">Simp\u00f3sio de Manejo de Unidades de Conserva\u00e7\u00e3o traz vencedor do Nobel \u00e0 UFLA<\/span> <span class=\"meta-nav\">&rarr;<\/span><\/a><\/p>\n","protected":false},"author":8,"featured_media":0,"comment_status":"closed","ping_status":"closed","sticky":false,"template":"","format":"standard","meta":{"ngg_post_thumbnail":0,"footnotes":""},"categories":[1,10],"tags":[],"class_list":["post-52820","post","type-post","status-publish","format-standard","hentry","category-noticias","category-menores"],"_links":{"self":[{"href":"https:\/\/www.ufla.br\/dcom\/wp-json\/wp\/v2\/posts\/52820","targetHints":{"allow":["GET"]}}],"collection":[{"href":"https:\/\/www.ufla.br\/dcom\/wp-json\/wp\/v2\/posts"}],"about":[{"href":"https:\/\/www.ufla.br\/dcom\/wp-json\/wp\/v2\/types\/post"}],"author":[{"embeddable":true,"href":"https:\/\/www.ufla.br\/dcom\/wp-json\/wp\/v2\/users\/8"}],"replies":[{"embeddable":true,"href":"https:\/\/www.ufla.br\/dcom\/wp-json\/wp\/v2\/comments?post=52820"}],"version-history":[{"count":1,"href":"https:\/\/www.ufla.br\/dcom\/wp-json\/wp\/v2\/posts\/52820\/revisions"}],"predecessor-version":[{"id":52822,"href":"https:\/\/www.ufla.br\/dcom\/wp-json\/wp\/v2\/posts\/52820\/revisions\/52822"}],"wp:attachment":[{"href":"https:\/\/www.ufla.br\/dcom\/wp-json\/wp\/v2\/media?parent=52820"}],"wp:term":[{"taxonomy":"category","embeddable":true,"href":"https:\/\/www.ufla.br\/dcom\/wp-json\/wp\/v2\/categories?post=52820"},{"taxonomy":"post_tag","embeddable":true,"href":"https:\/\/www.ufla.br\/dcom\/wp-json\/wp\/v2\/tags?post=52820"}],"curies":[{"name":"wp","href":"https:\/\/api.w.org\/{rel}","templated":true}]}}