{"id":5170,"date":"2011-08-18T15:54:21","date_gmt":"2011-08-18T18:54:21","guid":{"rendered":"http:\/\/www.ufla.br\/ascom\/?p=5170"},"modified":"2011-08-22T13:53:10","modified_gmt":"2011-08-22T16:53:10","slug":"ufla-expande-processo-de-internacionalizacao-com-universidade-de-illinois","status":"publish","type":"post","link":"https:\/\/www.ufla.br\/dcom\/2011\/08\/18\/ufla-expande-processo-de-internacionalizacao-com-universidade-de-illinois\/","title":{"rendered":"UFLA expande processo de internacionaliza\u00e7\u00e3o com Universidade de Illinois"},"content":{"rendered":"<p><a href=\"http:\/\/www.ufla.br\/ascom\/wp-content\/uploads\/2011\/08\/miss\u00e3o-EUA.jpg\"><img loading=\"lazy\" decoding=\"async\" class=\"alignleft size-medium wp-image-5171\" title=\"miss\u00e3o EUA\" src=\"http:\/\/www.ufla.br\/ascom\/wp-content\/uploads\/2011\/08\/miss\u00e3o-EUA-300x225.jpg\" alt=\"\" width=\"300\" height=\"225\" srcset=\"https:\/\/www.ufla.br\/dcom\/wp-content\/uploads\/2011\/08\/miss\u00e3o-EUA-300x225.jpg 300w, https:\/\/www.ufla.br\/dcom\/wp-content\/uploads\/2011\/08\/miss\u00e3o-EUA-1024x768.jpg 1024w, https:\/\/www.ufla.br\/dcom\/wp-content\/uploads\/2011\/08\/miss\u00e3o-EUA.jpg 2048w\" sizes=\"auto, (max-width: 300px) 100vw, 300px\" \/><\/a>Na semana passada (8 a 15 de agosto), a Universidade Federal de Lavras (UFLA) deu mais um passo no processo de internacionaliza\u00e7\u00e3o, com a assinatura de um Protocolo de Inten\u00e7\u00f5es com a Universidade de Illinois, nos EUA. O acordo prev\u00ea o interc\u00e2mbio de atividades e programas na \u00e1rea do ensino, pesquisa e extens\u00e3o, mais diretamente com a Faculdade de Ci\u00eancias Agr\u00edcolas, de Consumo e de Meio Ambiente, em seu Campus Urbana-Champaign. \u00a0\u00a0\u00a0<\/p>\n<p>A miss\u00e3o foi composta pelo reitor da UFLA, professor Antonio Nazareno Guimar\u00e3es Mendes; pelo diretor de Rela\u00e7\u00f5es Internacionais, Antonio Chalfun Junior; pr\u00f3-reitor Adjunto de P\u00f3s-Gradua\u00e7\u00e3o, Alcides Moino Junior; pr\u00f3-reitor de Gradua\u00e7\u00e3o, Jo\u00e3o Chrysostomo Resende Junior e pelo coordenador cient\u00edfico do conv\u00eanio, professor Renato Paiva.<\/p>\n<p>De acordo com o diretor de Rela\u00e7\u00f5es Internacionais, Antonio Chalfun, existe uma grande expectativa com a parceria, permitindo que a UFLA avance o processo de internacionaliza\u00e7\u00e3o com universidades de refer\u00eancia. A Universidade de Illinois foi recentemente ranqueada como a 33\u00aa melhor Universidade do mundo. \u00a0<\/p>\n<p>A ideia \u00e9 que estudantes de p\u00f3s-gradua\u00e7\u00e3o possam desenvolver suas atividades de doutorado sandu\u00edche e, para os estudantes de gradua\u00e7\u00e3o, est\u00e1 em fase final de discuss\u00e3o uma proposta de est\u00e1gio acad\u00eamico de curta dura\u00e7\u00e3o, para que possam ter a experi\u00eancia internacional. O acordo tamb\u00e9m prev\u00ea que estudantes americanos possam vir \u00e0 UFLA desenvolver atividades de ensino e pesquisa.<\/p>\n<p>\u201cEste acordo vem ao encontro do objetivo central do programa Ci\u00eancia sem Fronteiras, recentemente lan\u00e7ado pelo Governo Federal, que visa a proporcionar um incremento do n\u00famero de estudantes com experi\u00eancia internacional em centro de excel\u00eancia. Com o interc\u00e2mbio de docentes, teremos condi\u00e7\u00f5es de ingressar em projetos de pesquisas de excelente qualidade, visto as condi\u00e7\u00f5es de infraestrutura que a Universidade de Illinois pode oferecer\u201d, considera Chalfun.<\/p>\n<p>Dentre as atividades previstas no acordo, destaca-se o interc\u00e2mbio de docentes e discentes para atividades educacionais, culturais e de pesquisas; interc\u00e2mbio de docentes e discentes de p\u00f3s-gradua\u00e7\u00e3o para pesquisas, palestras e debates; participa\u00e7\u00e3o em semin\u00e1rios e encontros acad\u00eamicos; interc\u00e2mbio de materiais acad\u00eamicos, publica\u00e7\u00f5es e outras informa\u00e7\u00f5es, al\u00e9m de programas acad\u00eamicos especiais de curta dura\u00e7\u00e3o.<\/p>\n","protected":false},"excerpt":{"rendered":"<p>Na semana passada (8 a 15 de agosto), a Universidade Federal de Lavras (UFLA) deu mais um passo no processo de internacionaliza\u00e7\u00e3o, com a assinatura de um Protocolo de Inten\u00e7\u00f5es com a Universidade de Illinois, nos EUA (&#8230;)<\/p>\n","protected":false},"author":6,"featured_media":0,"comment_status":"closed","ping_status":"closed","sticky":false,"template":"","format":"standard","meta":{"ngg_post_thumbnail":0,"footnotes":""},"categories":[10],"tags":[433,432,78],"class_list":["post-5170","post","type-post","status-publish","format-standard","hentry","category-menores","tag-eua","tag-internacionalizacao","tag-parceria"],"_links":{"self":[{"href":"https:\/\/www.ufla.br\/dcom\/wp-json\/wp\/v2\/posts\/5170","targetHints":{"allow":["GET"]}}],"collection":[{"href":"https:\/\/www.ufla.br\/dcom\/wp-json\/wp\/v2\/posts"}],"about":[{"href":"https:\/\/www.ufla.br\/dcom\/wp-json\/wp\/v2\/types\/post"}],"author":[{"embeddable":true,"href":"https:\/\/www.ufla.br\/dcom\/wp-json\/wp\/v2\/users\/6"}],"replies":[{"embeddable":true,"href":"https:\/\/www.ufla.br\/dcom\/wp-json\/wp\/v2\/comments?post=5170"}],"version-history":[{"count":2,"href":"https:\/\/www.ufla.br\/dcom\/wp-json\/wp\/v2\/posts\/5170\/revisions"}],"predecessor-version":[{"id":5262,"href":"https:\/\/www.ufla.br\/dcom\/wp-json\/wp\/v2\/posts\/5170\/revisions\/5262"}],"wp:attachment":[{"href":"https:\/\/www.ufla.br\/dcom\/wp-json\/wp\/v2\/media?parent=5170"}],"wp:term":[{"taxonomy":"category","embeddable":true,"href":"https:\/\/www.ufla.br\/dcom\/wp-json\/wp\/v2\/categories?post=5170"},{"taxonomy":"post_tag","embeddable":true,"href":"https:\/\/www.ufla.br\/dcom\/wp-json\/wp\/v2\/tags?post=5170"}],"curies":[{"name":"wp","href":"https:\/\/api.w.org\/{rel}","templated":true}]}}