{"id":5069,"date":"2011-08-12T11:07:41","date_gmt":"2011-08-12T14:07:41","guid":{"rendered":"http:\/\/www.ufla.br\/ascom\/?p=5069"},"modified":"2011-08-16T12:49:42","modified_gmt":"2011-08-16T15:49:42","slug":"selecao-brasileira-conquista-cinco-medalhas-no-pan-de-ginastica-aerobica","status":"publish","type":"post","link":"https:\/\/www.ufla.br\/dcom\/2011\/08\/12\/selecao-brasileira-conquista-cinco-medalhas-no-pan-de-ginastica-aerobica\/","title":{"rendered":"Sele\u00e7\u00e3o Brasileira conquista cinco medalhas no Pan de Gin\u00e1stica Aer\u00f3bica"},"content":{"rendered":"<p><a href=\"http:\/\/www.ufla.br\/ascom\/wp-content\/uploads\/2011\/08\/PAN-gin\u00e1stica.jpg\"><img loading=\"lazy\" decoding=\"async\" class=\"alignleft size-medium wp-image-5070\" title=\"PAN gin\u00e1stica\" src=\"http:\/\/www.ufla.br\/ascom\/wp-content\/uploads\/2011\/08\/PAN-gin\u00e1stica-300x225.jpg\" alt=\"\" width=\"300\" height=\"225\" srcset=\"https:\/\/www.ufla.br\/dcom\/wp-content\/uploads\/2011\/08\/PAN-gin\u00e1stica-300x225.jpg 300w, https:\/\/www.ufla.br\/dcom\/wp-content\/uploads\/2011\/08\/PAN-gin\u00e1stica-1024x768.jpg 1024w\" sizes=\"auto, (max-width: 300px) 100vw, 300px\" \/><\/a>A Universidade Federal de Lavras (UFLA) tem sido representada em p\u00f3dios de diferentes modalidades esportivas. No \u00faltimo fim de semana, a Sele\u00e7\u00e3o Brasileira Juvenil conquistou cinco medalhas no Campeonato Pan-Americano de Gin\u00e1stica Aer\u00f3bica, sendo que cinco dos atletas representam a Universidade. O Pan-Americano foi realizado em San Felipe, na Venezuela, entre sete pa\u00edses &#8211; Brasil, Argentina, Chile, Col\u00f4mbia, M\u00e9xico, Peru e Venezuela \u2013 com cerca de 150 ginastas. O chefe da delega\u00e7\u00e3o e treinador da sele\u00e7\u00e3o \u00e9 o professor do Departamento de Educa\u00e7\u00e3o F\u00edsica da UFLA, Luiz Henrique Rezende Maciel.<\/p>\n<p>Na competi\u00e7\u00e3o por equipes, o Brasil terminou na segunda coloca\u00e7\u00e3o, atr\u00e1s da Venezuela, time da casa. Todos os atletas brasileiros subiram ao p\u00f3dio. Os atletas da UFLA conquistaram o 2\u00ba e o 3\u00ba lugares na prova Individual Masculino Juvenil\u00a0 com os ginastas Lucas Mendon\u00e7a e Maelton Siqueira, respectivamente.\u00a0 Em sua primeira participa\u00e7\u00e3o em campeonato internacional, a ginasta e aluna do curso de Medicina Veterin\u00e1ria Let\u00edcia Caroline Dias conquistou o 5\u00ba lugar na prova Individual Feminino Adulto. \u00a0Na categoria individual adulto masculino, o ginasta Marcelo Martins tamb\u00e9m ficou com a 5\u00ba coloca\u00e7\u00e3o.<\/p>\n<p>Na avalia\u00e7\u00e3o do professor Luiz Maciel, foram resultados excelentes, uma vez que todos os representantes se classificaram para as finais e tiveram a nota ranqueada. \u201cA participa\u00e7\u00e3o dos atletas da UFLA foi brilhante. Agora, vamos em busca de mais conquistas\u201d, afirmou.<\/p>\n<p>&nbsp;<\/p>\n","protected":false},"excerpt":{"rendered":"<p>A Universidade Federal de Lavras (UFLA) tem sido representada em p\u00f3dios de diferentes modalidades esportivas. No \u00faltimo fim de semana, a Sele\u00e7\u00e3o Brasileira Juvenil conquistou cinco medalhas (&#8230;)<\/p>\n","protected":false},"author":9,"featured_media":0,"comment_status":"closed","ping_status":"closed","sticky":false,"template":"","format":"standard","meta":{"ngg_post_thumbnail":0,"footnotes":""},"categories":[10],"tags":[210,426,425],"class_list":["post-5069","post","type-post","status-publish","format-standard","hentry","category-menores","tag-esporte-2","tag-ginastica-aerobica","tag-medalha"],"_links":{"self":[{"href":"https:\/\/www.ufla.br\/dcom\/wp-json\/wp\/v2\/posts\/5069","targetHints":{"allow":["GET"]}}],"collection":[{"href":"https:\/\/www.ufla.br\/dcom\/wp-json\/wp\/v2\/posts"}],"about":[{"href":"https:\/\/www.ufla.br\/dcom\/wp-json\/wp\/v2\/types\/post"}],"author":[{"embeddable":true,"href":"https:\/\/www.ufla.br\/dcom\/wp-json\/wp\/v2\/users\/9"}],"replies":[{"embeddable":true,"href":"https:\/\/www.ufla.br\/dcom\/wp-json\/wp\/v2\/comments?post=5069"}],"version-history":[{"count":5,"href":"https:\/\/www.ufla.br\/dcom\/wp-json\/wp\/v2\/posts\/5069\/revisions"}],"predecessor-version":[{"id":5123,"href":"https:\/\/www.ufla.br\/dcom\/wp-json\/wp\/v2\/posts\/5069\/revisions\/5123"}],"wp:attachment":[{"href":"https:\/\/www.ufla.br\/dcom\/wp-json\/wp\/v2\/media?parent=5069"}],"wp:term":[{"taxonomy":"category","embeddable":true,"href":"https:\/\/www.ufla.br\/dcom\/wp-json\/wp\/v2\/categories?post=5069"},{"taxonomy":"post_tag","embeddable":true,"href":"https:\/\/www.ufla.br\/dcom\/wp-json\/wp\/v2\/tags?post=5069"}],"curies":[{"name":"wp","href":"https:\/\/api.w.org\/{rel}","templated":true}]}}