{"id":5007,"date":"2011-08-09T12:54:10","date_gmt":"2011-08-09T15:54:10","guid":{"rendered":"http:\/\/www.ufla.br\/ascom\/?p=5007"},"modified":"2011-08-12T11:14:21","modified_gmt":"2011-08-12T14:14:21","slug":"ufla-compartilha-resultados-de-pesquisa-no-simposio-de-pesquisas-dos-cafes-do-brasil","status":"publish","type":"post","link":"https:\/\/www.ufla.br\/dcom\/2011\/08\/09\/ufla-compartilha-resultados-de-pesquisa-no-simposio-de-pesquisas-dos-cafes-do-brasil\/","title":{"rendered":"UFLA compartilha resultados no Simp\u00f3sio de Pesquisa dos Caf\u00e9s do Brasil"},"content":{"rendered":"<p><a href=\"http:\/\/www.ufla.br\/ascom\/wp-content\/uploads\/2011\/08\/cafes.jpg\"><img loading=\"lazy\" decoding=\"async\" class=\"alignright size-full wp-image-5008\" title=\"cafes\" src=\"http:\/\/www.ufla.br\/ascom\/wp-content\/uploads\/2011\/08\/cafes.jpg\" alt=\"\" width=\"293\" height=\"198\" \/><\/a>O VII Simp\u00f3sio de Pesquisa dos Caf\u00e9s do Brasil, que acontece de 22 a 25 de agosto, em Arax\u00e1 (MG), ter\u00e1 como institui\u00e7\u00f5es anfitri\u00e3s e organizadoras a Universidade Federal de Lavras (UFLA), a Universidade Federal de Vi\u00e7osa (UFV), a Empresa de Pesquisa Agropecu\u00e1ria de Minas Gerais (Epamig) e a Embrapa Caf\u00e9. O tema dessa edi\u00e7\u00e3o \u00e9 \u201cArticula\u00e7\u00e3o em Redes de Pesquisa e Novas Fronteiras do Conhecimento\u201d. Na programa\u00e7\u00e3o, professores e estudantes da UFLA v\u00e3o apresentar resultados de pesquisa e demandas para novos projetos colaborativos.<\/p>\n<p>O professor do Departamento de Biologia e pr\u00f3-reitor de Extens\u00e3o e Cultura da UFLA, Magno Ant\u00f4nio Patto Ramalho, foi convidado para coordenar o painel de discuss\u00e3o sobre \u201cNovas perspectivas para o melhoramento convencional\u201d. Refer\u00eancia em gen\u00e9tica e melhoramento de plantas, o professor incentiva o interc\u00e2mbio de experi\u00eancias entre as gera\u00e7\u00f5es de pesquisadores. Em sua opini\u00e3o, o Brasil possui o maior e mais qualificado grupo de melhoristas de caf\u00e9 do mundo. \u201cEvidentemente, tudo o que foi realizado no passado teve e tem sua import\u00e2ncia. O que ser\u00e1 proposto \u00e9 uma alternativa para tornar o processo ainda mais eficiente\u201d, ressalta.<\/p>\n<p>O debate acerca da Legisla\u00e7\u00e3o Ambiental com foco na cafeicultura ter\u00e1 como moderador o professor do Departamento de Ci\u00eancias Florestais (DCF\/UFLA), Jos\u00e9 Luis Pereira Rezende, que dever\u00e1 apresentar sua leitura do novo c\u00f3digo e os efeitos das mudan\u00e7as no setor agr\u00edcola.<\/p>\n<p>Na grade de minicursos, tr\u00eas temas ser\u00e3o apresentados por professores da UFLA:<strong><\/strong><\/p>\n<p><strong>Minicurso: No\u00e7\u00f5es gerais de classifica\u00e7\u00e3o e degusta\u00e7\u00e3o<\/strong><br \/>\nFl\u00e1vio Meira Bor\u00e9m- Universidade Federal de Lavras \u2013 (DEG)<\/p>\n<p><strong>Minicurso: Gest\u00e3o da propriedade cafeeira<\/strong><br \/>\nRicardo de Souza Sette &#8211; Universidade Federal de Lavras \u2013 (DAE)<\/p>\n<p><strong>Minicurso: Colheita mecanizada<\/strong><br \/>\nF\u00e1bio Moreira da Silva &#8211; Universidade Federal de Lavras \u2013 (DEG)<\/p>\n<p>Acesse aqui o site do evento, fa\u00e7a sua inscri\u00e7\u00e3o e participe.<\/p>\n<p>&nbsp;<\/p>\n","protected":false},"excerpt":{"rendered":"<p>O VII Simp\u00f3sio de Pesquisa dos Caf\u00e9s do Brasil, que acontece de 22 a 25 de agosto, em Arax\u00e1 (MG), ter\u00e1 como institui\u00e7\u00f5es anfitri\u00e3s e organizadoras a UFLA, a UFV, a Epamig e a Embrapa Caf\u00e9 (&#8230;)<\/p>\n","protected":false},"author":9,"featured_media":0,"comment_status":"closed","ping_status":"closed","sticky":false,"template":"","format":"standard","meta":{"ngg_post_thumbnail":0,"footnotes":""},"categories":[10],"tags":[168,23,13],"class_list":["post-5007","post","type-post","status-publish","format-standard","hentry","category-menores","tag-cafe","tag-evento","tag-ufla"],"_links":{"self":[{"href":"https:\/\/www.ufla.br\/dcom\/wp-json\/wp\/v2\/posts\/5007","targetHints":{"allow":["GET"]}}],"collection":[{"href":"https:\/\/www.ufla.br\/dcom\/wp-json\/wp\/v2\/posts"}],"about":[{"href":"https:\/\/www.ufla.br\/dcom\/wp-json\/wp\/v2\/types\/post"}],"author":[{"embeddable":true,"href":"https:\/\/www.ufla.br\/dcom\/wp-json\/wp\/v2\/users\/9"}],"replies":[{"embeddable":true,"href":"https:\/\/www.ufla.br\/dcom\/wp-json\/wp\/v2\/comments?post=5007"}],"version-history":[{"count":8,"href":"https:\/\/www.ufla.br\/dcom\/wp-json\/wp\/v2\/posts\/5007\/revisions"}],"predecessor-version":[{"id":5081,"href":"https:\/\/www.ufla.br\/dcom\/wp-json\/wp\/v2\/posts\/5007\/revisions\/5081"}],"wp:attachment":[{"href":"https:\/\/www.ufla.br\/dcom\/wp-json\/wp\/v2\/media?parent=5007"}],"wp:term":[{"taxonomy":"category","embeddable":true,"href":"https:\/\/www.ufla.br\/dcom\/wp-json\/wp\/v2\/categories?post=5007"},{"taxonomy":"post_tag","embeddable":true,"href":"https:\/\/www.ufla.br\/dcom\/wp-json\/wp\/v2\/tags?post=5007"}],"curies":[{"name":"wp","href":"https:\/\/api.w.org\/{rel}","templated":true}]}}