{"id":4490,"date":"2011-07-08T16:56:06","date_gmt":"2011-07-08T19:56:06","guid":{"rendered":"http:\/\/www.ufla.br\/ascom\/?p=4490"},"modified":"2011-07-12T09:52:56","modified_gmt":"2011-07-12T12:52:56","slug":"dgti-trabalha-para-reestabelecer-acesso-aos-avas-dos-cursos-a-distancia","status":"publish","type":"post","link":"https:\/\/www.ufla.br\/dcom\/2011\/07\/08\/dgti-trabalha-para-reestabelecer-acesso-aos-avas-dos-cursos-a-distancia\/","title":{"rendered":"DGTI trabalha para reestabelecer acesso aos AVA\u2019s dos cursos a dist\u00e2ncia"},"content":{"rendered":"<p style=\"text-align: left;\" align=\"center\"><a href=\"http:\/\/www.ufla.br\/ascom\/wp-content\/uploads\/2011\/07\/Capturar.jpg\"><img loading=\"lazy\" decoding=\"async\" class=\"alignright size-full wp-image-4497\" title=\"Capturar\" src=\"http:\/\/www.ufla.br\/ascom\/wp-content\/uploads\/2011\/07\/Capturar.jpg\" alt=\"\" width=\"299\" height=\"105\" \/><\/a>O Centro de Educa\u00e7\u00e3o a Dist\u00e2ncia (CEAD) informa que ocorreram problemas t\u00e9cnicos nos servidores onde se encontram os Ambientes Virtuais de Aprendizagem (AVA) dos seguintes cursos: Administra\u00e7\u00e3o P\u00fablica(Gradua\u00e7\u00e3o), Produ\u00e7\u00e3o de Materiais Did\u00e1ticos para Diversidade(P\u00f3s-Gradua\u00e7\u00e3o), Educa\u00e7\u00e3o Ambiental(P\u00f3s-Gradua\u00e7\u00e3o) e G\u00eanero e Diversidade na Escola(P\u00f3s-Gradua\u00e7\u00e3o). Por este motivo, foram feitas altera\u00e7\u00f5es nos cronogramas de alguns cursos, procurando minimizar os preju\u00edzos causados aos cursistas com esta interrup\u00e7\u00e3o. Caso seja necess\u00e1rio, outras adequa\u00e7\u00f5es ainda poder\u00e3o ser realizadas, mediante divulga\u00e7\u00e3o pr\u00e9via.<\/p>\n<p>A Diretoria de Gest\u00e3o em Tecnologia da Informa\u00e7\u00e3o (DGTI), respons\u00e1vel pelo gerenciamento destes servidores, j\u00e1 est\u00e1 em atividade para reestabelecer o acesso aos AVAs.<\/p>\n<p><strong>Veja as mudan\u00e7as no cronograma dos cursos:<\/strong><\/p>\n<p><strong>Administra\u00e7\u00e3o P\u00fablica<\/strong><\/p>\n<p>As provas de Exame Final das disciplinas de Filosofia e \u00c9tica; Psicologia Organizacional; Contabilidade Geral; Ci\u00eancia Pol\u00edtica; Institui\u00e7\u00f5es de Direito P\u00fablico e Privado; e Contabilidade P\u00fablica foram adiadas para o dia\u00a016\/07\/11, de\u00a08h \u00e0s12h, no polo presencial.<\/p>\n<p><strong>Obs.: <\/strong>Para obter as notas de todas as provas presenciais, incluindo exames finais dos dias 25 e 26 de junho, e das provas presenciais de segunda chamada do dia 2 de julho, os estudantes devem ligar para (35) 3829-1556.<\/p>\n<p><strong>G\u00eanero e Diversidade na Escola<\/strong><\/p>\n<p>O encontro presencial que seria realizado no dia nove de julho foi adiado para os dias seis e sete de agosto, data em que j\u00e1 aconteceria o primeiro Encontro Presencial do 2\u00ba semestre.<\/p>\n<p>As atividades em aberto, \u201cDebate sobre as pol\u00edticas afirmativas e reparat\u00f3rias\u201d e \u201cA produ\u00e7\u00e3o do enredo da escola de samba\u201d, ser\u00e3o retomadas na data de retorno do AVA.<\/p>\n<p>Mais informa\u00e7\u00f5es poder\u00e3o ser obtidas por e-mail, telefone das secretarias dos cursos ou com tutores (as) presenciais e a dist\u00e2ncia.<\/p>\n","protected":false},"excerpt":{"rendered":"<p>O Centro de Educa\u00e7\u00e3o a Dist\u00e2ncia (CEAD) informa que ocorreram (&#8230;)<\/p>\n","protected":false},"author":9,"featured_media":0,"comment_status":"closed","ping_status":"closed","sticky":false,"template":"","format":"standard","meta":{"ngg_post_thumbnail":0,"footnotes":""},"categories":[10],"tags":[330,223,13],"class_list":["post-4490","post","type-post","status-publish","format-standard","hentry","category-menores","tag-ava","tag-ead","tag-ufla"],"_links":{"self":[{"href":"https:\/\/www.ufla.br\/dcom\/wp-json\/wp\/v2\/posts\/4490","targetHints":{"allow":["GET"]}}],"collection":[{"href":"https:\/\/www.ufla.br\/dcom\/wp-json\/wp\/v2\/posts"}],"about":[{"href":"https:\/\/www.ufla.br\/dcom\/wp-json\/wp\/v2\/types\/post"}],"author":[{"embeddable":true,"href":"https:\/\/www.ufla.br\/dcom\/wp-json\/wp\/v2\/users\/9"}],"replies":[{"embeddable":true,"href":"https:\/\/www.ufla.br\/dcom\/wp-json\/wp\/v2\/comments?post=4490"}],"version-history":[{"count":10,"href":"https:\/\/www.ufla.br\/dcom\/wp-json\/wp\/v2\/posts\/4490\/revisions"}],"predecessor-version":[{"id":4584,"href":"https:\/\/www.ufla.br\/dcom\/wp-json\/wp\/v2\/posts\/4490\/revisions\/4584"}],"wp:attachment":[{"href":"https:\/\/www.ufla.br\/dcom\/wp-json\/wp\/v2\/media?parent=4490"}],"wp:term":[{"taxonomy":"category","embeddable":true,"href":"https:\/\/www.ufla.br\/dcom\/wp-json\/wp\/v2\/categories?post=4490"},{"taxonomy":"post_tag","embeddable":true,"href":"https:\/\/www.ufla.br\/dcom\/wp-json\/wp\/v2\/tags?post=4490"}],"curies":[{"name":"wp","href":"https:\/\/api.w.org\/{rel}","templated":true}]}}