{"id":4272,"date":"2011-06-27T12:16:42","date_gmt":"2011-06-27T15:16:42","guid":{"rendered":"http:\/\/www.ufla.br\/ascom\/?p=4272"},"modified":"2011-06-29T11:39:16","modified_gmt":"2011-06-29T14:39:16","slug":"ufla-realiza-eleicao-para-representantes-discentes-nos-conselhos-superiores","status":"publish","type":"post","link":"https:\/\/www.ufla.br\/dcom\/2011\/06\/27\/ufla-realiza-eleicao-para-representantes-discentes-nos-conselhos-superiores\/","title":{"rendered":"UFLA realiza elei\u00e7\u00e3o para representantes discentes nos Conselhos Superiores"},"content":{"rendered":"<p>Ser\u00e1 realizada nesta ter\u00e7a-feira (28), na Cantina Central da Universidade Federal de Lavras (UFLA), de 8h \u00e0s 21h, a elei\u00e7\u00e3o para os representantes dos estudantes de gradua\u00e7\u00e3o nos Conselhos Superiores: Universit\u00e1rio (Cuni); de Ensino, Pesquisa e Extens\u00e3o (Cepe); e de Curadores. Os candidatos dever\u00e3o inscrever-se<strong> <\/strong>at\u00e9 \u00e0s 16 horas de hoje, dia 27, na Secretaria dos Conselhos (Gabinete da Reitoria).<\/p>\n<p>Para o Cuni ser\u00e3o eleitos tr\u00eas representantes; para o Cepe, dois; e para o Conselho de Curadores, um representante, para o mandato de um ano. Para cada membro representante, ser\u00e3o eleitos suplentes. Todos os candidatos devem estar cursando a gradua\u00e7\u00e3o na Universidade.<\/p>\n<p>Cada eleitor ter\u00e1 direito a apenas um voto, exercido pessoalmente, em apenas um nome para cada cargo a ser eleito. O voto \u00e9 secreto e n\u00e3o ser\u00e3o admitidos votos por procura\u00e7\u00e3o ou cumulativos. A apura\u00e7\u00e3o ser\u00e1 realizada na mesma sess\u00e3o e o resultado ser\u00e1 afixado imediatamente em lugar p\u00fablico e vis\u00edvel.<\/p>\n","protected":false},"excerpt":{"rendered":"<p>er\u00e1 realizada nesta ter\u00e7a-feira (28), na Cantina Central da Universidade Federal de Lavras (UFLA), de 8h \u00e0s 21h, a elei\u00e7\u00e3o para os representantes dos estudantes de gradua\u00e7\u00e3o nos Conselhos Superiores<\/p>\n","protected":false},"author":9,"featured_media":0,"comment_status":"closed","ping_status":"closed","sticky":false,"template":"","format":"standard","meta":{"ngg_post_thumbnail":0,"footnotes":""},"categories":[10],"tags":[298,299,297,300,13],"class_list":["post-4272","post","type-post","status-publish","format-standard","hentry","category-menores","tag-cepe","tag-conselho-de-curadores","tag-cuni-2","tag-eleicoes","tag-ufla"],"_links":{"self":[{"href":"https:\/\/www.ufla.br\/dcom\/wp-json\/wp\/v2\/posts\/4272","targetHints":{"allow":["GET"]}}],"collection":[{"href":"https:\/\/www.ufla.br\/dcom\/wp-json\/wp\/v2\/posts"}],"about":[{"href":"https:\/\/www.ufla.br\/dcom\/wp-json\/wp\/v2\/types\/post"}],"author":[{"embeddable":true,"href":"https:\/\/www.ufla.br\/dcom\/wp-json\/wp\/v2\/users\/9"}],"replies":[{"embeddable":true,"href":"https:\/\/www.ufla.br\/dcom\/wp-json\/wp\/v2\/comments?post=4272"}],"version-history":[{"count":3,"href":"https:\/\/www.ufla.br\/dcom\/wp-json\/wp\/v2\/posts\/4272\/revisions"}],"predecessor-version":[{"id":4315,"href":"https:\/\/www.ufla.br\/dcom\/wp-json\/wp\/v2\/posts\/4272\/revisions\/4315"}],"wp:attachment":[{"href":"https:\/\/www.ufla.br\/dcom\/wp-json\/wp\/v2\/media?parent=4272"}],"wp:term":[{"taxonomy":"category","embeddable":true,"href":"https:\/\/www.ufla.br\/dcom\/wp-json\/wp\/v2\/categories?post=4272"},{"taxonomy":"post_tag","embeddable":true,"href":"https:\/\/www.ufla.br\/dcom\/wp-json\/wp\/v2\/tags?post=4272"}],"curies":[{"name":"wp","href":"https:\/\/api.w.org\/{rel}","templated":true}]}}