{"id":4206,"date":"2011-06-22T15:19:55","date_gmt":"2011-06-22T18:19:55","guid":{"rendered":"http:\/\/www.ufla.br\/ascom\/?p=4206"},"modified":"2011-06-29T15:23:11","modified_gmt":"2011-06-29T18:23:11","slug":"programa-crie-curumim-oferece-avaliacoes-de-saude-em-parceria-com-a-ufla","status":"publish","type":"post","link":"https:\/\/www.ufla.br\/dcom\/2011\/06\/22\/programa-crie-curumim-oferece-avaliacoes-de-saude-em-parceria-com-a-ufla\/","title":{"rendered":"Programa CRIE Curumim oferece avalia\u00e7\u00f5es de sa\u00fade em parceria com a UFLA"},"content":{"rendered":"<p><a href=\"http:\/\/www.ufla.br\/ascom\/wp-content\/uploads\/2011\/06\/crie-curumim.jpg\"><img loading=\"lazy\" decoding=\"async\" class=\"alignright size-medium wp-image-4215\" title=\"Crie Curumim\" src=\"http:\/\/www.ufla.br\/ascom\/wp-content\/uploads\/2011\/06\/crie-curumim-300x225.jpg\" alt=\"Crie Curumim\" width=\"300\" height=\"225\" srcset=\"https:\/\/www.ufla.br\/dcom\/wp-content\/uploads\/2011\/06\/crie-curumim-300x225.jpg 300w, https:\/\/www.ufla.br\/dcom\/wp-content\/uploads\/2011\/06\/crie-curumim.jpg 400w\" sizes=\"auto, (max-width: 300px) 100vw, 300px\" \/><\/a>O Programa Centro Regional de Inicia\u00e7\u00e3o Esportiva Curumim (CRIE Curumim), parceria entre o Batalh\u00e3o da Pol\u00edcia Militar de Lavras e a Universidade Federal de Lavras (UFLA), tem pouco mais de um ano, mas j\u00e1 apresenta grandes resultados. Hoje o Programa atende a 260 crian\u00e7as e, al\u00e9m de inseri-las em competi\u00e7\u00f5es esportivas da cidade e regi\u00e3o, oferece uma avalia\u00e7\u00e3o de sa\u00fade de todos os participantes. Em recente estudo realizado, foi identificado que 22,7% das crian\u00e7as est\u00e3o desnutridas.<\/p>\n<p>No m\u00eas de maio, 57 crian\u00e7as foram avaliadas por uma equipe da UFLA e os resultados parciais foram apresentados em uma palestra ministrada pela nutricionista e p\u00f3s-graduanda da UFLA, Sabrina Nascimento de Aguiar, na segunda-feira (20). O estudo levou em conta estatura, peso das crian\u00e7as, h\u00e1bitos alimentares e outros fatores que influenciam na sa\u00fade dos participantes. Os primeiros resultados mostraram que muitas crian\u00e7as do Programa est\u00e3o desnutridas, o que, na opini\u00e3o da nutricionista, pode acarretar doen\u00e7as graves.<\/p>\n<p>A partir desses resultados, ser\u00e1 elaborado um plano nutricional para cada crian\u00e7a diagnosticada com o problema, que ser\u00e1 apresentado individualmente para as fam\u00edlias. \u201cCada uma dessas crian\u00e7as ser\u00e1 tratada pelos profissionais da UFLA e suas fam\u00edlias receber\u00e3o todas as orienta\u00e7\u00f5es necess\u00e1rias\u201d, disse o assessor de comunica\u00e7\u00e3o da 6\u00aa Regi\u00e3o da Pol\u00edcia Militar, Major Ant\u00f4nio Claret dos Santos, que tamb\u00e9m \u00e9 o idealizador e coordenador do Programa.<\/p>\n<p><strong><span style=\"color: #003366;\">CRIE Curumim<\/span> \u2013 <\/strong>O Programa oferece a crian\u00e7as e jovens de escolas p\u00fablicas da cidade oficinas de esportes coordenadas por profissionais do Departamento de Educa\u00e7\u00e3o F\u00edsica da UFLA. Al\u00e9m de esporte, como basquete, v\u00f4lei e jud\u00f4, os alunos participam de aulas de cidadania, ministradas por policiais militares.<\/p>\n","protected":false},"excerpt":{"rendered":"<p>O Programa Centro Regional de Inicia\u00e7\u00e3o Esportiva Curumim (CRIE Curumim), parceria entre o Batalh\u00e3o da Pol\u00edcia Militar de Lavras e a <\/p>\n","protected":false},"author":9,"featured_media":0,"comment_status":"closed","ping_status":"closed","sticky":false,"template":"","format":"standard","meta":{"ngg_post_thumbnail":0,"footnotes":""},"categories":[1,10],"tags":[285,282,283,284],"class_list":["post-4206","post","type-post","status-publish","format-standard","hentry","category-noticias","category-menores","tag-avaliacao-de-saude","tag-crie","tag-curumim","tag-projeto-esportivo"],"_links":{"self":[{"href":"https:\/\/www.ufla.br\/dcom\/wp-json\/wp\/v2\/posts\/4206","targetHints":{"allow":["GET"]}}],"collection":[{"href":"https:\/\/www.ufla.br\/dcom\/wp-json\/wp\/v2\/posts"}],"about":[{"href":"https:\/\/www.ufla.br\/dcom\/wp-json\/wp\/v2\/types\/post"}],"author":[{"embeddable":true,"href":"https:\/\/www.ufla.br\/dcom\/wp-json\/wp\/v2\/users\/9"}],"replies":[{"embeddable":true,"href":"https:\/\/www.ufla.br\/dcom\/wp-json\/wp\/v2\/comments?post=4206"}],"version-history":[{"count":11,"href":"https:\/\/www.ufla.br\/dcom\/wp-json\/wp\/v2\/posts\/4206\/revisions"}],"predecessor-version":[{"id":4329,"href":"https:\/\/www.ufla.br\/dcom\/wp-json\/wp\/v2\/posts\/4206\/revisions\/4329"}],"wp:attachment":[{"href":"https:\/\/www.ufla.br\/dcom\/wp-json\/wp\/v2\/media?parent=4206"}],"wp:term":[{"taxonomy":"category","embeddable":true,"href":"https:\/\/www.ufla.br\/dcom\/wp-json\/wp\/v2\/categories?post=4206"},{"taxonomy":"post_tag","embeddable":true,"href":"https:\/\/www.ufla.br\/dcom\/wp-json\/wp\/v2\/tags?post=4206"}],"curies":[{"name":"wp","href":"https:\/\/api.w.org\/{rel}","templated":true}]}}