{"id":39961,"date":"2014-07-08T09:57:43","date_gmt":"2014-07-08T12:57:43","guid":{"rendered":"http:\/\/www.ufla.br\/ascom\/?p=39961"},"modified":"2014-07-11T11:06:46","modified_gmt":"2014-07-11T14:06:46","slug":"dri-seleciona-professores-de-ingles-para-nucleo-de-linguas-da-ufla","status":"publish","type":"post","link":"https:\/\/www.ufla.br\/dcom\/2014\/07\/08\/dri-seleciona-professores-de-ingles-para-nucleo-de-linguas-da-ufla\/","title":{"rendered":"DRI seleciona professores de Ingl\u00eas para N\u00facleo de L\u00ednguas da UFLA"},"content":{"rendered":"<p><a href=\"http:\/\/www.ufla.br\/ascom\/wp-content\/uploads\/2014\/07\/Ingl\u00eas-sem-Fronteiras.jpg\"><img loading=\"lazy\" decoding=\"async\" class=\"alignleft size-medium wp-image-39962\" src=\"http:\/\/www.ufla.br\/ascom\/wp-content\/uploads\/2014\/07\/Ingl\u00eas-sem-Fronteiras-249x188.jpg\" alt=\"Ingl\u00eas-sem-Fronteiras\" width=\"249\" height=\"188\" srcset=\"https:\/\/www.ufla.br\/dcom\/wp-content\/uploads\/2014\/07\/Ingl\u00eas-sem-Fronteiras-249x188.jpg 249w, https:\/\/www.ufla.br\/dcom\/wp-content\/uploads\/2014\/07\/Ingl\u00eas-sem-Fronteiras.jpg 332w\" sizes=\"auto, (max-width: 249px) 100vw, 249px\" \/><\/a>A\u00a0Diretoria de Rela\u00e7\u00f5es Internacionais (DRI) torna p\u00fablico o Edital de Sele\u00e7\u00e3o de candidatos para o\u00a0preenchimento de vagas para participa\u00e7\u00e3o no Projeto Ingl\u00eas sem Fronteiras, do N\u00facleo de L\u00ednguas (NuCli\/UFLA), com bolsa da Coordena\u00e7\u00e3o de Aperfei\u00e7oamento de Pessoal de N\u00edvel Superior (Capes). As inscri\u00e7\u00f5es encerram-se \u00e0s 16 horas do dia 11\/7\/14 (pr\u00f3xima sexta-feira).<\/p>\n<p>Para a inscri\u00e7\u00e3o, o candidato dever\u00e1 preencher o formul\u00e1rio espec\u00edfico, dispon\u00edvel na p\u00e1gina da DRI (<a href=\"http:\/\/www.dri.ufla.br\/\">www.dri.ufla.br<\/a>), assinar e entregar na DRI, Pr\u00e9dio da Reitoria, juntamente com os documentos exigidos no <a href=\"http:\/\/www.ufla.br\/ascom\/wp-content\/uploads\/2014\/07\/Edital-NucLi-Professores.pdf\">Edital<\/a>.<\/p>\n<p>S\u00e3o oito vagas para professor do Projeto Ingl\u00eas sem Fronteiras\/NuCli, sendo uma vaga para ser preenchida imediatamente e sete vagas para a forma\u00e7\u00e3o de cadastro de reserva. Os professores selecionados ir\u00e3o ministrar aulas de ingl\u00eas para estudantes da UFLA, visando \u00e0 prepara\u00e7\u00e3o para o exame TOEFL\/ITP e para viv\u00eancia acad\u00eamica internacional.<\/p>\n<p>A vig\u00eancia da bolsa ser\u00e1 a partir de agosto de 2014, com o valor de R$ 1.500,00 (mil e quinhentos reais), correspondente a uma bolsa de mestrado no Pa\u00eds. A bolsa prev\u00ea 20 horas semanais em atividades.<\/p>\n<p>\u00c9 imprescind\u00edvel que o candidato tenha algum v\u00ednculo com Institui\u00e7\u00e3o P\u00fablica, federal, estadual ou municipal.\u00a0<a href=\"http:\/\/www.ufla.br\/ascom\/wp-content\/uploads\/2014\/07\/Edital-NucLi-Professores.pdf\">Veja os requisitos no Edital.<\/a><\/p>\n<p>A sele\u00e7\u00e3o dos candidatos ser\u00e1 em quatro etapas, seguindo crit\u00e9rios eliminat\u00f3rios e classificat\u00f3rios: avalia\u00e7\u00e3o do Curr\u00edculo Lattes, aplica\u00e7\u00e3o do exame Toefl ITP, entrevista presencial e aula p\u00fablica.<\/p>\n<p><a href=\"http:\/\/www.ufla.br\/ascom\/wp-content\/uploads\/2014\/07\/Edital-NucLi-Professores.pdf\">Consulte o Edital<\/a><\/p>\n<p><a href=\"http:\/\/www.ufla.br\/ascom\/wp-content\/uploads\/2014\/07\/Ficha_Inscri\u00e7\u00e3o_NUCLi.docx\">Formul\u00e1rio de Inscri\u00e7\u00e3o<\/a><\/p>\n<p>&nbsp;<\/p>\n","protected":false},"excerpt":{"rendered":"<p>A\u00a0Diretoria de Rela\u00e7\u00f5es Internacionais (DRI) torna p\u00fablico o Edital de Sele\u00e7\u00e3o de candidatos para o\u00a0preenchimento de vagas para participa\u00e7\u00e3o no Projeto Ingl\u00eas sem Fronteiras, do N\u00facleo de L\u00ednguas (NuCli\/UFLA), com bolsa da Coordena\u00e7\u00e3o de Aperfei\u00e7oamento de Pessoal de N\u00edvel Superior (Capes). As inscri\u00e7\u00f5es encerram-se \u00e0s 16 horas do dia 11\/7\/14 (pr\u00f3xima sexta-feira). Para a inscri\u00e7\u00e3o, &hellip; <a href=\"https:\/\/www.ufla.br\/dcom\/2014\/07\/08\/dri-seleciona-professores-de-ingles-para-nucleo-de-linguas-da-ufla\/\" class=\"more-link\">Continue lendo <span class=\"screen-reader-text\">DRI seleciona professores de Ingl\u00eas para N\u00facleo de L\u00ednguas da UFLA<\/span> <span class=\"meta-nav\">&rarr;<\/span><\/a><\/p>\n","protected":false},"author":6,"featured_media":0,"comment_status":"closed","ping_status":"closed","sticky":false,"template":"","format":"standard","meta":{"ngg_post_thumbnail":0,"footnotes":""},"categories":[1,10],"tags":[977],"class_list":["post-39961","post","type-post","status-publish","format-standard","hentry","category-noticias","category-menores","tag-ingles-sem-fronteiras"],"_links":{"self":[{"href":"https:\/\/www.ufla.br\/dcom\/wp-json\/wp\/v2\/posts\/39961","targetHints":{"allow":["GET"]}}],"collection":[{"href":"https:\/\/www.ufla.br\/dcom\/wp-json\/wp\/v2\/posts"}],"about":[{"href":"https:\/\/www.ufla.br\/dcom\/wp-json\/wp\/v2\/types\/post"}],"author":[{"embeddable":true,"href":"https:\/\/www.ufla.br\/dcom\/wp-json\/wp\/v2\/users\/6"}],"replies":[{"embeddable":true,"href":"https:\/\/www.ufla.br\/dcom\/wp-json\/wp\/v2\/comments?post=39961"}],"version-history":[{"count":3,"href":"https:\/\/www.ufla.br\/dcom\/wp-json\/wp\/v2\/posts\/39961\/revisions"}],"predecessor-version":[{"id":39997,"href":"https:\/\/www.ufla.br\/dcom\/wp-json\/wp\/v2\/posts\/39961\/revisions\/39997"}],"wp:attachment":[{"href":"https:\/\/www.ufla.br\/dcom\/wp-json\/wp\/v2\/media?parent=39961"}],"wp:term":[{"taxonomy":"category","embeddable":true,"href":"https:\/\/www.ufla.br\/dcom\/wp-json\/wp\/v2\/categories?post=39961"},{"taxonomy":"post_tag","embeddable":true,"href":"https:\/\/www.ufla.br\/dcom\/wp-json\/wp\/v2\/tags?post=39961"}],"curies":[{"name":"wp","href":"https:\/\/api.w.org\/{rel}","templated":true}]}}