{"id":39805,"date":"2014-07-01T15:57:33","date_gmt":"2014-07-01T18:57:33","guid":{"rendered":"http:\/\/www.ufla.br\/ascom\/?p=39805"},"modified":"2014-07-03T17:21:08","modified_gmt":"2014-07-03T20:21:08","slug":"coloquio-de-fisica-desta-quarta-27-aborda-aplicacao-de-biopolimeros-em-celulas-fotovoltaicas","status":"publish","type":"post","link":"https:\/\/www.ufla.br\/dcom\/2014\/07\/01\/coloquio-de-fisica-desta-quarta-27-aborda-aplicacao-de-biopolimeros-em-celulas-fotovoltaicas\/","title":{"rendered":"Col\u00f3quio de F\u00edsica desta quarta (2\/7) aborda aplica\u00e7\u00e3o de biopol\u00edmeros em c\u00e9lulas fotovoltaicas"},"content":{"rendered":"<p><a href=\"http:\/\/www.ufla.br\/ascom\/wp-content\/uploads\/2011\/11\/29.11-col\u00f3quio-da-f\u00edsica.jpg\"><img loading=\"lazy\" decoding=\"async\" class=\"alignleft size-medium wp-image-7844\" src=\"http:\/\/www.ufla.br\/ascom\/wp-content\/uploads\/2011\/11\/29.11-col\u00f3quio-da-f\u00edsica-300x198.jpg\" alt=\"29.11 col\u00f3quio da f\u00edsica\" width=\"249\" height=\"164\" srcset=\"https:\/\/www.ufla.br\/dcom\/wp-content\/uploads\/2011\/11\/29.11-col\u00f3quio-da-f\u00edsica-300x198.jpg 300w, https:\/\/www.ufla.br\/dcom\/wp-content\/uploads\/2011\/11\/29.11-col\u00f3quio-da-f\u00edsica.jpg 313w\" sizes=\"auto, (max-width: 249px) 100vw, 249px\" \/><\/a>A estudante de p\u00f3s-gradua\u00e7\u00e3o em F\u00edsica Jenny Luis Nalinguangue Boane ser\u00e1 a palestrante desta quarta-feira (2\/7) no Col\u00f3quio de F\u00edsica, promovido no Departamento de Ci\u00eancias Exatas (DEX). O tema a ser abordado \u00e9 \u201cAplica\u00e7\u00e3o de Biopol\u00edmeros em c\u00e9lulas fotovoltaicas na base de Quitosana, CMC, PLA e Amido\u201d. O assunto vai ao encontro da busca contempor\u00e2nea por alternativas para a redu\u00e7\u00e3o de energias n\u00e3o renov\u00e1veis.<\/p>\n<p>Os col\u00f3quios de F\u00edsica ocorrem todas as quartas-feiras, \u00e0s 17h40, no Anfiteatro do DEX. Respondem pela organiza\u00e7\u00e3o do evento os professores do DEX Jos\u00e9 Nogales e Karen Luz, assim como a estudante de p\u00f3s-gradua\u00e7\u00e3o em F\u00edsica Laysa Gon\u00e7alves Martins.\u00a0Toda a comunidade acad\u00eamica \u00e9 convidada a participar das palestras.<\/p>\n","protected":false},"excerpt":{"rendered":"<p>A estudante de p\u00f3s-gradua\u00e7\u00e3o em F\u00edsica Jenny Luis Nalinguangue Boane ser\u00e1 a palestrante desta quarta-feira (2\/7) no Col\u00f3quio de F\u00edsica, promovido no Departamento de Ci\u00eancias Exatas (DEX). O tema a ser abordado \u00e9 \u201cAplica\u00e7\u00e3o de Biopol\u00edmeros em c\u00e9lulas fotovoltaicas na base de Quitosana, CMC, PLA e Amido\u201d. O assunto vai ao encontro da busca contempor\u00e2nea &hellip; <a href=\"https:\/\/www.ufla.br\/dcom\/2014\/07\/01\/coloquio-de-fisica-desta-quarta-27-aborda-aplicacao-de-biopolimeros-em-celulas-fotovoltaicas\/\" class=\"more-link\">Continue lendo <span class=\"screen-reader-text\">Col\u00f3quio de F\u00edsica desta quarta (2\/7) aborda aplica\u00e7\u00e3o de biopol\u00edmeros em c\u00e9lulas fotovoltaicas<\/span> <span class=\"meta-nav\">&rarr;<\/span><\/a><\/p>\n","protected":false},"author":13,"featured_media":0,"comment_status":"closed","ping_status":"closed","sticky":false,"template":"","format":"standard","meta":{"ngg_post_thumbnail":0,"footnotes":""},"categories":[1,10],"tags":[571],"class_list":["post-39805","post","type-post","status-publish","format-standard","hentry","category-noticias","category-menores","tag-coloquio-da-fisica"],"_links":{"self":[{"href":"https:\/\/www.ufla.br\/dcom\/wp-json\/wp\/v2\/posts\/39805","targetHints":{"allow":["GET"]}}],"collection":[{"href":"https:\/\/www.ufla.br\/dcom\/wp-json\/wp\/v2\/posts"}],"about":[{"href":"https:\/\/www.ufla.br\/dcom\/wp-json\/wp\/v2\/types\/post"}],"author":[{"embeddable":true,"href":"https:\/\/www.ufla.br\/dcom\/wp-json\/wp\/v2\/users\/13"}],"replies":[{"embeddable":true,"href":"https:\/\/www.ufla.br\/dcom\/wp-json\/wp\/v2\/comments?post=39805"}],"version-history":[{"count":1,"href":"https:\/\/www.ufla.br\/dcom\/wp-json\/wp\/v2\/posts\/39805\/revisions"}],"predecessor-version":[{"id":39806,"href":"https:\/\/www.ufla.br\/dcom\/wp-json\/wp\/v2\/posts\/39805\/revisions\/39806"}],"wp:attachment":[{"href":"https:\/\/www.ufla.br\/dcom\/wp-json\/wp\/v2\/media?parent=39805"}],"wp:term":[{"taxonomy":"category","embeddable":true,"href":"https:\/\/www.ufla.br\/dcom\/wp-json\/wp\/v2\/categories?post=39805"},{"taxonomy":"post_tag","embeddable":true,"href":"https:\/\/www.ufla.br\/dcom\/wp-json\/wp\/v2\/tags?post=39805"}],"curies":[{"name":"wp","href":"https:\/\/api.w.org\/{rel}","templated":true}]}}