{"id":38895,"date":"2014-06-03T17:56:11","date_gmt":"2014-06-03T20:56:11","guid":{"rendered":"http:\/\/www.ufla.br\/ascom\/?p=38895"},"modified":"2014-06-04T18:35:07","modified_gmt":"2014-06-04T21:35:07","slug":"quarta-feira-e-dia-de-coloquio-de-fisica-no-dex","status":"publish","type":"post","link":"https:\/\/www.ufla.br\/dcom\/2014\/06\/03\/quarta-feira-e-dia-de-coloquio-de-fisica-no-dex\/","title":{"rendered":"Quarta-feira \u00e9 dia de Col\u00f3quio de F\u00edsica no DEX"},"content":{"rendered":"<p><a href=\"http:\/\/www.ufla.br\/ascom\/wp-content\/uploads\/2013\/03\/12.03-col\u00f3quio-f\u00edsica.jpg\"><img loading=\"lazy\" decoding=\"async\" class=\"alignleft size-medium wp-image-20336\" src=\"http:\/\/www.ufla.br\/ascom\/wp-content\/uploads\/2013\/03\/12.03-col\u00f3quio-f\u00edsica-249x163.jpg\" alt=\"12.03 col\u00f3quio-f\u00edsica\" width=\"249\" height=\"163\" srcset=\"https:\/\/www.ufla.br\/dcom\/wp-content\/uploads\/2013\/03\/12.03-col\u00f3quio-f\u00edsica-249x163.jpg 249w, https:\/\/www.ufla.br\/dcom\/wp-content\/uploads\/2013\/03\/12.03-col\u00f3quio-f\u00edsica.jpg 312w\" sizes=\"auto, (max-width: 249px) 100vw, 249px\" \/><\/a>O tema \u201cEstudo da eletrodin\u00e2mica qu\u00e2ntica em dimens\u00f5es espaciais extras\u201d ser\u00e1 apresentado durante o Col\u00f3quio de F\u00edsica desta quarta-feira (4\/6), que ocorrer\u00e1 \u00e0s 17h40, no Departamento de Ci\u00eancias Exatas (DEX). O palestrante ser\u00e1 o mestrando do Programa de P\u00f3s-Gradua\u00e7\u00e3o em F\u00edsica Thalis Girardi.<\/p>\n<p>Abertos a estudantes de gradua\u00e7\u00e3o de todos os cursos da UFLA, assim como \u00e0 popula\u00e7\u00e3o em geral , os col\u00f3quios de F\u00edsica do DEX s\u00e3o realizados semanalmente. Organizam a atividade os professores do DEX Jos\u00e9 Nogales e Karen Luz, assim como a aluna do Programa de P\u00f3s-Gradua\u00e7\u00e3o em F\u00edsica Laysa Gon\u00e7alves Martins.<\/p>\n<p><strong>Sobre o tema<\/strong><\/p>\n<p>Durante a palestra, as discuss\u00f5es buscar\u00e3o verificar se \u00e9 poss\u00edvel expressar a natureza das part\u00edculas elementares considerando a teoria do espa\u00e7o-tempo com cinco dimens\u00f5es.<\/p>\n<p>&nbsp;<\/p>\n","protected":false},"excerpt":{"rendered":"<p>O tema \u201cEstudo da eletrodin\u00e2mica qu\u00e2ntica em dimens\u00f5es espaciais extras\u201d ser\u00e1 apresentado durante o Col\u00f3quio de F\u00edsica desta quarta-feira (4\/6), que ocorrer\u00e1 \u00e0s 17h40, no Departamento de Ci\u00eancias Exatas (DEX). O palestrante ser\u00e1 o mestrando do Programa de P\u00f3s-Gradua\u00e7\u00e3o em F\u00edsica Thalis Girardi. Abertos a estudantes de gradua\u00e7\u00e3o de todos os cursos da UFLA, assim &hellip; <a href=\"https:\/\/www.ufla.br\/dcom\/2014\/06\/03\/quarta-feira-e-dia-de-coloquio-de-fisica-no-dex\/\" class=\"more-link\">Continue lendo <span class=\"screen-reader-text\">Quarta-feira \u00e9 dia de Col\u00f3quio de F\u00edsica no DEX<\/span> <span class=\"meta-nav\">&rarr;<\/span><\/a><\/p>\n","protected":false},"author":13,"featured_media":0,"comment_status":"closed","ping_status":"closed","sticky":false,"template":"","format":"standard","meta":{"ngg_post_thumbnail":0,"footnotes":""},"categories":[1],"tags":[1106],"class_list":["post-38895","post","type-post","status-publish","format-standard","hentry","category-noticias","tag-coloquio-de-fisica"],"_links":{"self":[{"href":"https:\/\/www.ufla.br\/dcom\/wp-json\/wp\/v2\/posts\/38895","targetHints":{"allow":["GET"]}}],"collection":[{"href":"https:\/\/www.ufla.br\/dcom\/wp-json\/wp\/v2\/posts"}],"about":[{"href":"https:\/\/www.ufla.br\/dcom\/wp-json\/wp\/v2\/types\/post"}],"author":[{"embeddable":true,"href":"https:\/\/www.ufla.br\/dcom\/wp-json\/wp\/v2\/users\/13"}],"replies":[{"embeddable":true,"href":"https:\/\/www.ufla.br\/dcom\/wp-json\/wp\/v2\/comments?post=38895"}],"version-history":[{"count":2,"href":"https:\/\/www.ufla.br\/dcom\/wp-json\/wp\/v2\/posts\/38895\/revisions"}],"predecessor-version":[{"id":38898,"href":"https:\/\/www.ufla.br\/dcom\/wp-json\/wp\/v2\/posts\/38895\/revisions\/38898"}],"wp:attachment":[{"href":"https:\/\/www.ufla.br\/dcom\/wp-json\/wp\/v2\/media?parent=38895"}],"wp:term":[{"taxonomy":"category","embeddable":true,"href":"https:\/\/www.ufla.br\/dcom\/wp-json\/wp\/v2\/categories?post=38895"},{"taxonomy":"post_tag","embeddable":true,"href":"https:\/\/www.ufla.br\/dcom\/wp-json\/wp\/v2\/tags?post=38895"}],"curies":[{"name":"wp","href":"https:\/\/api.w.org\/{rel}","templated":true}]}}