{"id":37348,"date":"2014-06-02T16:00:05","date_gmt":"2014-06-02T19:00:05","guid":{"rendered":"http:\/\/www.ufla.br\/ascom\/?p=37348"},"modified":"2014-06-04T16:53:26","modified_gmt":"2014-06-04T19:53:26","slug":"cartao-institucional-de-calouros-veja-horarios-para-entregas","status":"publish","type":"post","link":"https:\/\/www.ufla.br\/dcom\/2014\/06\/02\/cartao-institucional-de-calouros-veja-horarios-para-entregas\/","title":{"rendered":"Calouros: vejam hor\u00e1rios para entrega do cart\u00e3o institucional"},"content":{"rendered":"<p><a href=\"http:\/\/www.ufla.br\/ascom\/wp-content\/uploads\/2012\/11\/27.11-CARTAO-identifica\u00e7\u00e3o-\u00fanica.jpg\"><img loading=\"lazy\" decoding=\"async\" class=\"alignleft size-medium wp-image-16895\" src=\"http:\/\/www.ufla.br\/ascom\/wp-content\/uploads\/2012\/11\/27.11-CARTAO-identifica\u00e7\u00e3o-\u00fanica-249x180.jpg\" alt=\"27.11-CARTAO-identifica\u00e7\u00e3o-\u00fanica\" width=\"249\" height=\"180\" srcset=\"https:\/\/www.ufla.br\/dcom\/wp-content\/uploads\/2012\/11\/27.11-CARTAO-identifica\u00e7\u00e3o-\u00fanica-249x180.jpg 249w, https:\/\/www.ufla.br\/dcom\/wp-content\/uploads\/2012\/11\/27.11-CARTAO-identifica\u00e7\u00e3o-\u00fanica.jpg 418w\" sizes=\"auto, (max-width: 249px) 100vw, 249px\" \/><\/a>Os cart\u00f5es institucionais dos estudantes que ingressaram na UFLA no primeiro semestre letivo de 2014 est\u00e3o prontos. Sua retirada deve ser feita nos dias 2 e 3, em locais e hor\u00e1rios especificados ao final da not\u00edcia. Na entrega, o aluno assinar\u00e1 um termo de responsabilidade.<\/p>\n<p>O cart\u00e3o institucional \u00e9 um documento individual que identifica o estudante e permite a inser\u00e7\u00e3o de cr\u00e9ditos para refei\u00e7\u00e3o no Restaurante Universit\u00e1rio (RU) e empr\u00e9stimos na Biblioteca Universit\u00e1ria (<a href=\"http:\/\/www.biblioteca.ufla.br\/\">BU<\/a>). O cart\u00e3o \u00e9 fornecido pela Diretoria de Gest\u00e3o da Tecnologia de Informa\u00e7\u00e3o (<a href=\"http:\/\/www.dgti.ufla.br\/\">DGTI<\/a>).<\/p>\n<p><strong>Para os calouros de gradua\u00e7\u00e3o dos cursos diurnos:<\/strong><\/p>\n<ul>\n<li>Dias 2 e 3 de junho de 2014 (segunda e ter\u00e7a-feira)<\/li>\n<li>Local: sala de venda dos tickets no RU \u2013 das 8h30 \u00e0s 10 horas\u00a0 e das 14h30 \u00e0s 16 horas<\/li>\n<\/ul>\n<p><strong>Para os calouros de gradua\u00e7\u00e3o dos cursos noturnos:<\/strong><\/p>\n<ul>\n<li>Dias 2 e 3 de junho de 2014 (segunda e ter\u00e7a-feira)<\/li>\n<li>Local: DGTI \u2013 das 18 \u00e0s 19h30<\/li>\n<\/ul>\n<p>&nbsp;<\/p>\n<hr \/>\n<p>&nbsp;<\/p>\n<p><strong>Termo de responsabilidade e entrega do Cart\u00e3o de Institucional<\/strong><\/p>\n<p>&nbsp;<\/p>\n<p>\u201cDeclaro para os devidos fins, que recebi gratuitamente a primeira via do cart\u00e3o institucional tipo Mifare\u00ae de identifica\u00e7\u00e3o \u00fanica da UFLA, confeccionado pela DGTI, de uso pessoal e intransfer\u00edvel, que dever\u00e1 ser conservado com o m\u00e1ximo cuidado e toda seguran\u00e7a, n\u00e3o podendo ser dobrado, amassado, plastificado, rabiscado ou mantido pr\u00f3ximo de fontes de calor. Declaro ainda\u00a0ter\u00a0ci\u00eancia do seguinte:<\/p>\n<p>1. Que sendo o cart\u00e3o um documento pessoal, intransfer\u00edvel e de uso exclusivo do usu\u00e1rio, \u00e9 terminantemente proibido emprest\u00e1-lo ou do\u00e1-lo.<\/p>\n<p>2. Que o empr\u00e9stimo do cart\u00e3o ou uso por qualquer outro meio n\u00e3o autorizado, responsabilizar\u00e1 o usu\u00e1rio cadastrado e o terceiro envolvido.<\/p>\n<p>3. Que a UFLA n\u00e3o se responsabiliza pelos efeitos da perda do cart\u00e3o, da sua utiliza\u00e7\u00e3o indevida, pelo seu mau uso, bem como pela falta de conserva\u00e7\u00e3o ou descuido que acarrete danos ao cart\u00e3o.<\/p>\n<p>4. Que a emiss\u00e3o da\u00a0segunda\u00a0via do cart\u00e3o, no caso de perda, extravio ou apresenta\u00e7\u00e3o de defeito causado pelo usu\u00e1rio, ser\u00e1 paga pelo mesmo.<\/p>\n<p>5. Que a UFLA dever\u00e1 ser comunicada sobre mudan\u00e7a de dados cadastrais, os quais dever\u00e3o estar permanentemente atualizados.\u201d<\/p>\n<p>&nbsp;<\/p>\n<hr \/>\n<p>&nbsp;<\/p>\n","protected":false},"excerpt":{"rendered":"<p>Os cart\u00f5es institucionais dos estudantes que ingressaram na UFLA no primeiro semestre letivo de 2014 est\u00e3o prontos. Sua retirada deve ser feita nos dias 2 e 3, em locais e hor\u00e1rios especificados ao final da not\u00edcia. Na entrega, o aluno assinar\u00e1 um termo de responsabilidade. O cart\u00e3o institucional \u00e9 um documento individual que identifica o &hellip; <a href=\"https:\/\/www.ufla.br\/dcom\/2014\/06\/02\/cartao-institucional-de-calouros-veja-horarios-para-entregas\/\" class=\"more-link\">Continue lendo <span class=\"screen-reader-text\">Calouros: vejam hor\u00e1rios para entrega do cart\u00e3o institucional<\/span> <span class=\"meta-nav\">&rarr;<\/span><\/a><\/p>\n","protected":false},"author":8,"featured_media":0,"comment_status":"closed","ping_status":"closed","sticky":false,"template":"","format":"standard","meta":{"ngg_post_thumbnail":0,"footnotes":""},"categories":[1,10],"tags":[388],"class_list":["post-37348","post","type-post","status-publish","format-standard","hentry","category-noticias","category-menores","tag-calouros"],"_links":{"self":[{"href":"https:\/\/www.ufla.br\/dcom\/wp-json\/wp\/v2\/posts\/37348","targetHints":{"allow":["GET"]}}],"collection":[{"href":"https:\/\/www.ufla.br\/dcom\/wp-json\/wp\/v2\/posts"}],"about":[{"href":"https:\/\/www.ufla.br\/dcom\/wp-json\/wp\/v2\/types\/post"}],"author":[{"embeddable":true,"href":"https:\/\/www.ufla.br\/dcom\/wp-json\/wp\/v2\/users\/8"}],"replies":[{"embeddable":true,"href":"https:\/\/www.ufla.br\/dcom\/wp-json\/wp\/v2\/comments?post=37348"}],"version-history":[{"count":5,"href":"https:\/\/www.ufla.br\/dcom\/wp-json\/wp\/v2\/posts\/37348\/revisions"}],"predecessor-version":[{"id":37353,"href":"https:\/\/www.ufla.br\/dcom\/wp-json\/wp\/v2\/posts\/37348\/revisions\/37353"}],"wp:attachment":[{"href":"https:\/\/www.ufla.br\/dcom\/wp-json\/wp\/v2\/media?parent=37348"}],"wp:term":[{"taxonomy":"category","embeddable":true,"href":"https:\/\/www.ufla.br\/dcom\/wp-json\/wp\/v2\/categories?post=37348"},{"taxonomy":"post_tag","embeddable":true,"href":"https:\/\/www.ufla.br\/dcom\/wp-json\/wp\/v2\/tags?post=37348"}],"curies":[{"name":"wp","href":"https:\/\/api.w.org\/{rel}","templated":true}]}}