{"id":37103,"date":"2014-05-28T15:12:49","date_gmt":"2014-05-28T18:12:49","guid":{"rendered":"http:\/\/www.ufla.br\/ascom\/?p=37103"},"modified":"2014-05-29T08:53:31","modified_gmt":"2014-05-29T11:53:31","slug":"coloquio-de-fisica-de-hoje-285-tera-degustacao-de-cafes","status":"publish","type":"post","link":"https:\/\/www.ufla.br\/dcom\/2014\/05\/28\/coloquio-de-fisica-de-hoje-285-tera-degustacao-de-cafes\/","title":{"rendered":"Col\u00f3quio de F\u00edsica de hoje (28\/5) ter\u00e1 degusta\u00e7\u00e3o de caf\u00e9s"},"content":{"rendered":"<p><a href=\"http:\/\/www.ufla.br\/ascom\/wp-content\/uploads\/2014\/05\/coloquio-caf\u00e9.jpg\"><img loading=\"lazy\" decoding=\"async\" class=\"alignleft size-medium wp-image-37104\" src=\"http:\/\/www.ufla.br\/ascom\/wp-content\/uploads\/2014\/05\/coloquio-caf\u00e9-249x165.jpg\" alt=\"coloquio-caf\u00e9\" width=\"249\" height=\"165\" srcset=\"https:\/\/www.ufla.br\/dcom\/wp-content\/uploads\/2014\/05\/coloquio-caf\u00e9-249x165.jpg 249w, https:\/\/www.ufla.br\/dcom\/wp-content\/uploads\/2014\/05\/coloquio-caf\u00e9-612x407.jpg 612w, https:\/\/www.ufla.br\/dcom\/wp-content\/uploads\/2014\/05\/coloquio-caf\u00e9.jpg 640w\" sizes=\"auto, (max-width: 249px) 100vw, 249px\" \/><\/a>Ser\u00e1 realizado hoje (28\/5) o Col\u00f3quio de F\u00edsica no Anfiteatro do Departamento de Ci\u00eancias Exatas (DEX), \u00e0s 17h40. A partir do tema \u201cCaf\u00e9: voc\u00ea sabe o que est\u00e1 bebendo?\u201d, o professor do Departamento de Engenharia (DEG) Fl\u00e1vio Bor\u00e9m ir\u00e1 solicitar aos participantes que provem os v\u00e1rios tipos de caf\u00e9 que estar\u00e3o dispon\u00edveis e respondam a seguinte quest\u00e3o: de qual caf\u00e9 voc\u00ea gosta mais?<\/p>\n<p>Fl\u00e1vio Bor\u00e9m \u00e9 integrante do Comit\u00ea de Normas T\u00e9cnicas da Associa\u00e7\u00e3o Americana de Caf\u00e9s Especiais. Em 2013, a vers\u00e3o digital da revista \u201cThe Specialty Coffee Chronicle\u201d publicou o artigo intitulado \u201cO cientista dos caf\u00e9s especiais\u201d, escrito pela gerente da \u00e1rea cient\u00edfica da Associa\u00e7\u00e3o, Emma Bladyka, no qual o trabalho do professor como embaixador do caf\u00e9 especial brasileiro foi destacado.<\/p>\n<p>O Col\u00f3quio de F\u00edsica \u00e9 organizado pelos professores do DEX Jos\u00e9 Nogales e Karen Luz, e pela aluna de P\u00f3s-Gradua\u00e7\u00e3o em F\u00edsica Laysa Gon\u00e7alves Martins.<\/p>\n<h5>Leonardo Assad &#8211; Jornalista &#8211; bolsista Ascom.<\/h5>\n<p>&nbsp;<\/p>\n","protected":false},"excerpt":{"rendered":"<p>Ser\u00e1 realizado hoje (28\/5) o Col\u00f3quio de F\u00edsica no Anfiteatro do Departamento de Ci\u00eancias Exatas (DEX), \u00e0s 17h40. A partir do tema \u201cCaf\u00e9: voc\u00ea sabe o que est\u00e1 bebendo?\u201d, o professor do Departamento de Engenharia (DEG) Fl\u00e1vio Bor\u00e9m ir\u00e1 solicitar aos participantes que provem os v\u00e1rios tipos de caf\u00e9 que estar\u00e3o dispon\u00edveis e respondam a &hellip; <a href=\"https:\/\/www.ufla.br\/dcom\/2014\/05\/28\/coloquio-de-fisica-de-hoje-285-tera-degustacao-de-cafes\/\" class=\"more-link\">Continue lendo <span class=\"screen-reader-text\">Col\u00f3quio de F\u00edsica de hoje (28\/5) ter\u00e1 degusta\u00e7\u00e3o de caf\u00e9s<\/span> <span class=\"meta-nav\">&rarr;<\/span><\/a><\/p>\n","protected":false},"author":9,"featured_media":0,"comment_status":"closed","ping_status":"closed","sticky":false,"template":"","format":"standard","meta":{"ngg_post_thumbnail":0,"footnotes":""},"categories":[1],"tags":[1106,544],"class_list":["post-37103","post","type-post","status-publish","format-standard","hentry","category-noticias","tag-coloquio-de-fisica","tag-dex"],"_links":{"self":[{"href":"https:\/\/www.ufla.br\/dcom\/wp-json\/wp\/v2\/posts\/37103","targetHints":{"allow":["GET"]}}],"collection":[{"href":"https:\/\/www.ufla.br\/dcom\/wp-json\/wp\/v2\/posts"}],"about":[{"href":"https:\/\/www.ufla.br\/dcom\/wp-json\/wp\/v2\/types\/post"}],"author":[{"embeddable":true,"href":"https:\/\/www.ufla.br\/dcom\/wp-json\/wp\/v2\/users\/9"}],"replies":[{"embeddable":true,"href":"https:\/\/www.ufla.br\/dcom\/wp-json\/wp\/v2\/comments?post=37103"}],"version-history":[{"count":6,"href":"https:\/\/www.ufla.br\/dcom\/wp-json\/wp\/v2\/posts\/37103\/revisions"}],"predecessor-version":[{"id":37122,"href":"https:\/\/www.ufla.br\/dcom\/wp-json\/wp\/v2\/posts\/37103\/revisions\/37122"}],"wp:attachment":[{"href":"https:\/\/www.ufla.br\/dcom\/wp-json\/wp\/v2\/media?parent=37103"}],"wp:term":[{"taxonomy":"category","embeddable":true,"href":"https:\/\/www.ufla.br\/dcom\/wp-json\/wp\/v2\/categories?post=37103"},{"taxonomy":"post_tag","embeddable":true,"href":"https:\/\/www.ufla.br\/dcom\/wp-json\/wp\/v2\/tags?post=37103"}],"curies":[{"name":"wp","href":"https:\/\/api.w.org\/{rel}","templated":true}]}}