{"id":37101,"date":"2014-05-28T14:14:21","date_gmt":"2014-05-28T17:14:21","guid":{"rendered":"http:\/\/www.ufla.br\/ascom\/?p=37101"},"modified":"2014-05-29T07:54:31","modified_gmt":"2014-05-29T10:54:31","slug":"palestra-ira-esclarecer-duvidas-a-respeito-do-toefl-itp-hoje","status":"publish","type":"post","link":"https:\/\/www.ufla.br\/dcom\/2014\/05\/28\/palestra-ira-esclarecer-duvidas-a-respeito-do-toefl-itp-hoje\/","title":{"rendered":"Palestra ir\u00e1 esclarecer d\u00favidas a respeito do TOEFL-ITP hoje"},"content":{"rendered":"<p><img loading=\"lazy\" decoding=\"async\" class=\"alignleft size-medium wp-image-26835\" src=\"http:\/\/www.ufla.br\/ascom\/wp-content\/uploads\/2013\/10\/Ingl\u00eas-sem-Fronteiras-249x188.jpg\" alt=\"\" width=\"249\" height=\"188\" srcset=\"https:\/\/www.ufla.br\/dcom\/wp-content\/uploads\/2013\/10\/Ingl\u00eas-sem-Fronteiras-249x188.jpg 249w, https:\/\/www.ufla.br\/dcom\/wp-content\/uploads\/2013\/10\/Ingl\u00eas-sem-Fronteiras.jpg 332w\" sizes=\"auto, (max-width: 249px) 100vw, 249px\" \/>A coordenadora geral do programa Ingl\u00eas sem Fronteiras \u2013 IsF na UFLA, professora Norma Joseph, realizar\u00e1 uma palestra hoje (28), para os alunos de gradua\u00e7\u00e3o e p\u00f3s-gradua\u00e7\u00e3o, a fim de esclarecer pontos importantes a respeito da avalia\u00e7\u00e3o diagn\u00f3stica TOEFL ITP.<\/p>\n<p>O encontro ocorrer\u00e1 \u00e0s 16h, no Anfiteatro do Departamento de Ci\u00eancia da Computa\u00e7\u00e3o \u2013 DCC. Todos os alunos podem participar e a entrada \u00e9 franca.<\/p>\n<p>A participa\u00e7\u00e3o de cada um na avalia\u00e7\u00e3o diagn\u00f3stica TOEFL-ITP \u00e9 importante, pois ajudar\u00e1 o governo a medir o n\u00edvel de profici\u00eancia da l\u00edngua inglesa por parte dos universit\u00e1rios e elaborar pol\u00edticas a partir dessa medi\u00e7\u00e3o. A nota obtida poder\u00e1 ser utilizada pelo estudante para concorrer a bolsas de estudo no exterior.<\/p>\n<h5><strong>Leonardo Assad \u2013 jornalista \u2013 bolsista Ascom<\/strong><\/h5>\n<p>&nbsp;<\/p>\n","protected":false},"excerpt":{"rendered":"<p>A coordenadora geral do programa Ingl\u00eas sem Fronteiras \u2013 IsF na UFLA, professora Norma Joseph, realizar\u00e1 uma palestra hoje (28), para os alunos de gradua\u00e7\u00e3o e p\u00f3s-gradua\u00e7\u00e3o, a fim de esclarecer pontos importantes a respeito da avalia\u00e7\u00e3o diagn\u00f3stica TOEFL ITP. O encontro ocorrer\u00e1 \u00e0s 16h, no Anfiteatro do Departamento de Ci\u00eancia da Computa\u00e7\u00e3o \u2013 DCC. &hellip; <a href=\"https:\/\/www.ufla.br\/dcom\/2014\/05\/28\/palestra-ira-esclarecer-duvidas-a-respeito-do-toefl-itp-hoje\/\" class=\"more-link\">Continue lendo <span class=\"screen-reader-text\">Palestra ir\u00e1 esclarecer d\u00favidas a respeito do TOEFL-ITP hoje<\/span> <span class=\"meta-nav\">&rarr;<\/span><\/a><\/p>\n","protected":false},"author":11,"featured_media":0,"comment_status":"closed","ping_status":"closed","sticky":false,"template":"","format":"standard","meta":{"ngg_post_thumbnail":0,"footnotes":""},"categories":[1],"tags":[],"class_list":["post-37101","post","type-post","status-publish","format-standard","hentry","category-noticias"],"_links":{"self":[{"href":"https:\/\/www.ufla.br\/dcom\/wp-json\/wp\/v2\/posts\/37101","targetHints":{"allow":["GET"]}}],"collection":[{"href":"https:\/\/www.ufla.br\/dcom\/wp-json\/wp\/v2\/posts"}],"about":[{"href":"https:\/\/www.ufla.br\/dcom\/wp-json\/wp\/v2\/types\/post"}],"author":[{"embeddable":true,"href":"https:\/\/www.ufla.br\/dcom\/wp-json\/wp\/v2\/users\/11"}],"replies":[{"embeddable":true,"href":"https:\/\/www.ufla.br\/dcom\/wp-json\/wp\/v2\/comments?post=37101"}],"version-history":[{"count":1,"href":"https:\/\/www.ufla.br\/dcom\/wp-json\/wp\/v2\/posts\/37101\/revisions"}],"predecessor-version":[{"id":37102,"href":"https:\/\/www.ufla.br\/dcom\/wp-json\/wp\/v2\/posts\/37101\/revisions\/37102"}],"wp:attachment":[{"href":"https:\/\/www.ufla.br\/dcom\/wp-json\/wp\/v2\/media?parent=37101"}],"wp:term":[{"taxonomy":"category","embeddable":true,"href":"https:\/\/www.ufla.br\/dcom\/wp-json\/wp\/v2\/categories?post=37101"},{"taxonomy":"post_tag","embeddable":true,"href":"https:\/\/www.ufla.br\/dcom\/wp-json\/wp\/v2\/tags?post=37101"}],"curies":[{"name":"wp","href":"https:\/\/api.w.org\/{rel}","templated":true}]}}