{"id":36656,"date":"2014-05-22T15:42:27","date_gmt":"2014-05-22T18:42:27","guid":{"rendered":"http:\/\/www.ufla.br\/ascom\/?p=36656"},"modified":"2014-05-27T17:03:22","modified_gmt":"2014-05-27T20:03:22","slug":"inscricoes-para-o-processo-seletivo-do-neagro-vao-ate-2-de-junho","status":"publish","type":"post","link":"https:\/\/www.ufla.br\/dcom\/2014\/05\/22\/inscricoes-para-o-processo-seletivo-do-neagro-vao-ate-2-de-junho\/","title":{"rendered":"Inscri\u00e7\u00f5es para o processo seletivo do Neagro v\u00e3o at\u00e9 2 de junho"},"content":{"rendered":"<p><a href=\"http:\/\/www.ufla.br\/ascom\/wp-content\/uploads\/2013\/05\/16.05-neagro.jpg\"><img loading=\"lazy\" decoding=\"async\" class=\"alignleft size-medium wp-image-22213\" src=\"http:\/\/www.ufla.br\/ascom\/wp-content\/uploads\/2013\/05\/16.05-neagro-249x181.jpg\" alt=\"16.05 neagro\" width=\"249\" height=\"181\" srcset=\"https:\/\/www.ufla.br\/dcom\/wp-content\/uploads\/2013\/05\/16.05-neagro-249x181.jpg 249w, https:\/\/www.ufla.br\/dcom\/wp-content\/uploads\/2013\/05\/16.05-neagro.jpg 411w\" sizes=\"auto, (max-width: 249px) 100vw, 249px\" \/><\/a>O N\u00facleo de Estudos em Agricultura Org\u00e2nica (Neagro) est\u00e1 com processo de sele\u00e7\u00e3o de novos membros aberto at\u00e9 as 18h do dia 2 de junho. Alunos de gradua\u00e7\u00e3o e p\u00f3s-gradua\u00e7\u00e3o podem se candidatar, sendo necess\u00e1rio enviar um e-mail para <a href=\"mailto:neagroufla@gmail.com\">neagroufla@gmail.com<\/a> contendo nome completo, curso e per\u00edodo.<\/p>\n<p>A entrevista ocorrer\u00e1 no dia 4 de junho, \u00e0s 16h, no Anfiteatro do Departamento de Entomologia (DEN). Os candidatos devem comparecer ao local com pelo menos 5 minutos de anteced\u00eancia.<\/p>\n<p>O Neagro foi criado em 2003 por alunos da gradua\u00e7\u00e3o e p\u00f3s-gradua\u00e7\u00e3o, com o objetivo de transmitir conhecimentos sobre a agricultura org\u00e2nica e ajudar os produtores na utiliza\u00e7\u00e3o desta forma de cultivo. Por possuir membros de diversas \u00e1reas do conhecimento, tornou-se um grupo multidisciplinar, criando possibilidades de trabalho e estudos.<\/p>\n<p>Atualmente conduz projetos de educa\u00e7\u00e3o ambiental e agricultura org\u00e2nica, contando com a colabora\u00e7\u00e3o de escolas e produtores urbanos de Lavras.<\/p>\n<p>O N\u00facleo realiza reuni\u00f5es todas \u00e0s quartas-feiras, \u00e0s 16h, no Anfiteatro do DEN, assim como capacita\u00e7\u00f5es internas e eventos extracurriculares.<\/p>\n<p>Mais informa\u00e7\u00f5es podem ser obtidas pelos telefones: (35) 3829-1804 e (35) 8868-5365.<\/p>\n<h5>Leonardo Assad \u2013 jornalista \u2013 bolsista Ascom<\/h5>\n<p>&nbsp;<\/p>\n","protected":false},"excerpt":{"rendered":"<p>O N\u00facleo de Estudos em Agricultura Org\u00e2nica (Neagro) est\u00e1 com processo de sele\u00e7\u00e3o de novos membros aberto at\u00e9 as 18h do dia 2 de junho. Alunos de gradua\u00e7\u00e3o e p\u00f3s-gradua\u00e7\u00e3o podem se candidatar, sendo necess\u00e1rio enviar um e-mail para neagroufla@gmail.com contendo nome completo, curso e per\u00edodo. A entrevista ocorrer\u00e1 no dia 4 de junho, \u00e0s &hellip; <a href=\"https:\/\/www.ufla.br\/dcom\/2014\/05\/22\/inscricoes-para-o-processo-seletivo-do-neagro-vao-ate-2-de-junho\/\" class=\"more-link\">Continue lendo <span class=\"screen-reader-text\">Inscri\u00e7\u00f5es para o processo seletivo do Neagro v\u00e3o at\u00e9 2 de junho<\/span> <span class=\"meta-nav\">&rarr;<\/span><\/a><\/p>\n","protected":false},"author":9,"featured_media":0,"comment_status":"closed","ping_status":"closed","sticky":false,"template":"","format":"standard","meta":{"ngg_post_thumbnail":0,"footnotes":""},"categories":[1,10],"tags":[859],"class_list":["post-36656","post","type-post","status-publish","format-standard","hentry","category-noticias","category-menores","tag-agricultura-organica"],"_links":{"self":[{"href":"https:\/\/www.ufla.br\/dcom\/wp-json\/wp\/v2\/posts\/36656","targetHints":{"allow":["GET"]}}],"collection":[{"href":"https:\/\/www.ufla.br\/dcom\/wp-json\/wp\/v2\/posts"}],"about":[{"href":"https:\/\/www.ufla.br\/dcom\/wp-json\/wp\/v2\/types\/post"}],"author":[{"embeddable":true,"href":"https:\/\/www.ufla.br\/dcom\/wp-json\/wp\/v2\/users\/9"}],"replies":[{"embeddable":true,"href":"https:\/\/www.ufla.br\/dcom\/wp-json\/wp\/v2\/comments?post=36656"}],"version-history":[{"count":2,"href":"https:\/\/www.ufla.br\/dcom\/wp-json\/wp\/v2\/posts\/36656\/revisions"}],"predecessor-version":[{"id":37080,"href":"https:\/\/www.ufla.br\/dcom\/wp-json\/wp\/v2\/posts\/36656\/revisions\/37080"}],"wp:attachment":[{"href":"https:\/\/www.ufla.br\/dcom\/wp-json\/wp\/v2\/media?parent=36656"}],"wp:term":[{"taxonomy":"category","embeddable":true,"href":"https:\/\/www.ufla.br\/dcom\/wp-json\/wp\/v2\/categories?post=36656"},{"taxonomy":"post_tag","embeddable":true,"href":"https:\/\/www.ufla.br\/dcom\/wp-json\/wp\/v2\/tags?post=36656"}],"curies":[{"name":"wp","href":"https:\/\/api.w.org\/{rel}","templated":true}]}}