{"id":36311,"date":"2014-05-22T11:00:53","date_gmt":"2014-05-22T14:00:53","guid":{"rendered":"http:\/\/www.ufla.br\/ascom\/?p=36311"},"modified":"2014-05-23T09:20:13","modified_gmt":"2014-05-23T12:20:13","slug":"programa-de-mobilidade-em-paises-do-mercosul-seleciona-estudantes-de-agronomia","status":"publish","type":"post","link":"https:\/\/www.ufla.br\/dcom\/2014\/05\/22\/programa-de-mobilidade-em-paises-do-mercosul-seleciona-estudantes-de-agronomia\/","title":{"rendered":"Programa de mobilidade em pa\u00edses do Mercosul seleciona estudantes de Agronomia"},"content":{"rendered":"<p><a href=\"http:\/\/www.ufla.br\/ascom\/wp-content\/uploads\/2013\/10\/internacionaliza\u00e7\u00e3o.jpg\"><img loading=\"lazy\" decoding=\"async\" class=\"alignleft size-medium wp-image-26601\" src=\"http:\/\/www.ufla.br\/ascom\/wp-content\/uploads\/2013\/10\/internacionaliza\u00e7\u00e3o-249x160.jpg\" alt=\"internacionaliza\u00e7\u00e3o\" width=\"249\" height=\"160\" srcset=\"https:\/\/www.ufla.br\/dcom\/wp-content\/uploads\/2013\/10\/internacionaliza\u00e7\u00e3o-249x160.jpg 249w, https:\/\/www.ufla.br\/dcom\/wp-content\/uploads\/2013\/10\/internacionaliza\u00e7\u00e3o.jpg 262w\" sizes=\"auto, (max-width: 249px) 100vw, 249px\" \/><\/a>A Diretoria de Rela\u00e7\u00f5es Internacionais da UFLA (<a href=\"http:\/\/www.ufla.br\/dri\">DRI<\/a>) informa a abertura das inscri\u00e7\u00f5es para candidatos ao preenchimento de tr\u00eas titulares e sete suplentes para interc\u00e2mbio estudantil no Programa de Mobilidade Acad\u00eamica Regional para os Cursos Acreditados pelo Mecanismo de Acredita\u00e7\u00e3o de Cursos de Gradua\u00e7\u00e3o do Mercosul (Marca).<\/p>\n<p>As inscri\u00e7\u00f5es ser\u00e3o abertas no dia 19 de maio e se encerram no dia 23\/5. Podem se inscrever graduandos em Agronomia da UFLA, que estejam entre o quarto e o oitavo per\u00edodo, com pelo menos 40% do curso integralizado. A inscri\u00e7\u00e3o ser\u00e1 feita por um formul\u00e1rio espec\u00edfico dispon\u00edvel no anexo do edital, que dever\u00e1 ser preenchido e entregue na DRI (edif\u00edcio da Reitoria), com os demais documentos solicitados.<\/p>\n<p>As tr\u00eas vagas s\u00e3o dispon\u00edveis para institui\u00e7\u00f5es distintas: Universidad Nacional de Tucum\u00e1n &#8211; UTC (Argentina), Universidad Nacional de Rosario &#8211; UNR (Argentina) e Universidad Aut\u00f3noma Gabriel Rene Moreno (Bol\u00edvia). Os estudantes beneficiados receber\u00e3o aux\u00edlio financeiro para as passagens a\u00e9reas, instala\u00e7\u00e3o e estadia, conforme as condi\u00e7\u00f5es locais.<\/p>\n<p>O Marca \u00e9 um programa de mobilidade de graduandos promovido pelo setor educacional dos governos dos pa\u00edses do Mercosul. A mobilidade se d\u00e1 entre esses pa\u00edses, e se desenvolve por per\u00edodos letivos regulares de um semestre acad\u00eamico, entre institui\u00e7\u00f5es cujos cursos s\u00e3o reconhecidos pelo Sistema Arcu-Sul. Na UFLA, o curso de Agronomia \u00e9 um dos participantes.<\/p>\n<p><strong>Informa\u00e7\u00f5es<\/strong><\/p>\n<p>Saiba mais sobre os pr\u00e9-requisitos e veja o formul\u00e1rio de inscri\u00e7\u00e3o em: <a href=\"http:\/\/www.ufla.br\/ascom\/wp-content\/uploads\/2014\/05\/Edital_MARCA_2014.pdf\">Edital 003\/2014 DRI &#8211; UFLA<\/a><\/p>\n<p>&nbsp;<\/p>\n","protected":false},"excerpt":{"rendered":"<p>A Diretoria de Rela\u00e7\u00f5es Internacionais da UFLA (DRI) informa a abertura das inscri\u00e7\u00f5es para candidatos ao preenchimento de tr\u00eas titulares e sete suplentes para interc\u00e2mbio estudantil no Programa de Mobilidade Acad\u00eamica Regional para os Cursos Acreditados pelo Mecanismo de Acredita\u00e7\u00e3o de Cursos de Gradua\u00e7\u00e3o do Mercosul (Marca). As inscri\u00e7\u00f5es ser\u00e3o abertas no dia 19 de &hellip; <a href=\"https:\/\/www.ufla.br\/dcom\/2014\/05\/22\/programa-de-mobilidade-em-paises-do-mercosul-seleciona-estudantes-de-agronomia\/\" class=\"more-link\">Continue lendo <span class=\"screen-reader-text\">Programa de mobilidade em pa\u00edses do Mercosul seleciona estudantes de Agronomia<\/span> <span class=\"meta-nav\">&rarr;<\/span><\/a><\/p>\n","protected":false},"author":8,"featured_media":0,"comment_status":"closed","ping_status":"closed","sticky":false,"template":"","format":"standard","meta":{"ngg_post_thumbnail":0,"footnotes":""},"categories":[1,10],"tags":[],"class_list":["post-36311","post","type-post","status-publish","format-standard","hentry","category-noticias","category-menores"],"_links":{"self":[{"href":"https:\/\/www.ufla.br\/dcom\/wp-json\/wp\/v2\/posts\/36311","targetHints":{"allow":["GET"]}}],"collection":[{"href":"https:\/\/www.ufla.br\/dcom\/wp-json\/wp\/v2\/posts"}],"about":[{"href":"https:\/\/www.ufla.br\/dcom\/wp-json\/wp\/v2\/types\/post"}],"author":[{"embeddable":true,"href":"https:\/\/www.ufla.br\/dcom\/wp-json\/wp\/v2\/users\/8"}],"replies":[{"embeddable":true,"href":"https:\/\/www.ufla.br\/dcom\/wp-json\/wp\/v2\/comments?post=36311"}],"version-history":[{"count":1,"href":"https:\/\/www.ufla.br\/dcom\/wp-json\/wp\/v2\/posts\/36311\/revisions"}],"predecessor-version":[{"id":36313,"href":"https:\/\/www.ufla.br\/dcom\/wp-json\/wp\/v2\/posts\/36311\/revisions\/36313"}],"wp:attachment":[{"href":"https:\/\/www.ufla.br\/dcom\/wp-json\/wp\/v2\/media?parent=36311"}],"wp:term":[{"taxonomy":"category","embeddable":true,"href":"https:\/\/www.ufla.br\/dcom\/wp-json\/wp\/v2\/categories?post=36311"},{"taxonomy":"post_tag","embeddable":true,"href":"https:\/\/www.ufla.br\/dcom\/wp-json\/wp\/v2\/tags?post=36311"}],"curies":[{"name":"wp","href":"https:\/\/api.w.org\/{rel}","templated":true}]}}