{"id":35899,"date":"2014-05-06T10:14:16","date_gmt":"2014-05-06T13:14:16","guid":{"rendered":"http:\/\/www.ufla.br\/ascom\/?p=35899"},"modified":"2014-05-09T11:42:40","modified_gmt":"2014-05-09T14:42:40","slug":"neaf-esta-com-processo-seletivo-em-aberto-ate-o-dia-9-de-maio","status":"publish","type":"post","link":"https:\/\/www.ufla.br\/dcom\/2014\/05\/06\/neaf-esta-com-processo-seletivo-em-aberto-ate-o-dia-9-de-maio\/","title":{"rendered":"Neaf est\u00e1 com processo seletivo em aberto at\u00e9 o dia 9 de maio"},"content":{"rendered":"<p><a href=\"http:\/\/www.ufla.br\/ascom\/wp-content\/uploads\/2014\/05\/neaf-ufla.jpg\"><img loading=\"lazy\" decoding=\"async\" class=\"alignleft size-medium wp-image-35901\" src=\"http:\/\/www.ufla.br\/ascom\/wp-content\/uploads\/2014\/05\/neaf-ufla-249x109.jpg\" alt=\"neaf ufla\" width=\"249\" height=\"109\" srcset=\"https:\/\/www.ufla.br\/dcom\/wp-content\/uploads\/2014\/05\/neaf-ufla-249x109.jpg 249w, https:\/\/www.ufla.br\/dcom\/wp-content\/uploads\/2014\/05\/neaf-ufla-612x270.jpg 612w, https:\/\/www.ufla.br\/dcom\/wp-content\/uploads\/2014\/05\/neaf-ufla.jpg 2048w\" sizes=\"auto, (max-width: 249px) 100vw, 249px\" \/><\/a>O N\u00facleo de Estudos em Alimentos Funcionais (Neaf) est\u00e1 com processo de sele\u00e7\u00e3o aberto at\u00e9 o dia 9 de maio para graduandos de Nutri\u00e7\u00e3o e Engenharia de Alimentos e p\u00f3s-graduandos (<em>stricto sensu<\/em>), regularmente matriculados na UFLA. As inscri\u00e7\u00f5es devem ser feitas na Cantina Central, das 12 \u00e0s 14 horas, por meio de preenchimento da ficha e o pagamento de uma taxa de R$ 7,00.<\/p>\n<p>A primeira etapa ser\u00e1 realizada no dia 13 de maio, na qual os candidatos dever\u00e3o fazer uma prova de m\u00faltipla escolha com 10 quest\u00f5es sobre alimentos funcionais (peso 50%) e entregar o curr\u00edculo (25%).<\/p>\n<p>J\u00e1 a segunda etapa ser\u00e1 nos dias 15 e 16 de maio, com \u00a0entrevista dos candidatos (25%). Nessa fase, eles dever\u00e3o apresentar um breve hist\u00f3rico de sua vida acad\u00eamica e pessoal.<\/p>\n<p>No ato de inscri\u00e7\u00e3o, o candidato dever\u00e1 apresentar os seguintes documentos:<br \/>\n&#8211; Carteira de estudante da UFLA;<br \/>\n&#8211; Formul\u00e1rio de inscri\u00e7\u00e3o;<br \/>\n&#8211; Curr\u00edculo Lattes atualizado (impresso);<br \/>\n&#8211; Hor\u00e1rio individual 2014\/1 (emitido pelo SIG).<\/p>\n<p>S\u00e3o oferecidas dez vagas, sendo oito para graduandos e duas para p\u00f3s-graduandos. \u00c9 necess\u00e1rio que o candidato tenha disponibilidade de 5 horas semanais para realizar as atividades do N\u00facleo.<\/p>\n<p>O Edital est\u00e1 dispon\u00edvel nos quadros de avisos da Secretaria do Departamento de Ci\u00eancias dos Alimentos (DCA). Mais informa\u00e7\u00f5es podem ser obtidas no <a href=\"https:\/\/www.facebook.com\/neaf.alimentosfuncionais\">perfil oficial do Neaf no Facebook<\/a> ou pelo e-mail: <a href=\"mailto:neaf.ufla@hotmail.com\">neaf.ufla@hotmail.com<\/a>.<\/p>\n<p><strong>Cronograma<\/strong><\/p>\n<table>\n<tbody>\n<tr>\n<td width=\"78\"><strong>ETAPA<\/strong><\/td>\n<td width=\"209\"><strong>ATIVIDADE<\/strong><\/td>\n<td width=\"161\"><strong>PRAZOS<\/strong><\/td>\n<td width=\"130\"><strong>HOR\u00c1RIO<\/strong><\/td>\n<\/tr>\n<tr>\n<td width=\"78\"><strong>01<\/strong><\/td>\n<td width=\"209\"><strong>Per\u00edodo de inscri\u00e7\u00e3o Cantina Central<\/strong><\/td>\n<td width=\"161\"><strong>5 a 9\/5\/14<\/strong><\/td>\n<td width=\"130\"><strong>12h \u00e0s 14h<\/strong><\/td>\n<\/tr>\n<tr>\n<td width=\"78\"><strong>02<\/strong><\/td>\n<td width=\"209\"><strong>Prova<\/strong><\/td>\n<td width=\"161\"><strong>13\/5<\/strong><\/td>\n<td width=\"130\"><strong>12h30 \u00e0s 13h30 <\/strong><\/td>\n<\/tr>\n<tr>\n<td width=\"78\"><strong>03<\/strong><\/td>\n<td width=\"209\"><strong>Divulga\u00e7\u00e3o do hor\u00e1rio das entrevistas<\/strong><\/td>\n<td width=\"161\"><strong>14\/5<\/strong><\/td>\n<td width=\"130\"><strong>A partir das 18h<\/strong><\/td>\n<\/tr>\n<tr>\n<td width=\"78\"><strong>04<\/strong><\/td>\n<td width=\"209\"><strong>Entrevistas <\/strong><strong>Lab. T\u00e9cnica Diet\u00e9tica<\/strong><\/td>\n<td width=\"161\"><strong>15 e 16\/5<\/strong><\/td>\n<td width=\"130\"><strong>12h30 \u00e0s 13h30 <\/strong><\/td>\n<\/tr>\n<tr>\n<td width=\"78\"><strong>05<\/strong><\/td>\n<td width=\"209\"><strong>Resultado (classifica\u00e7\u00e3o final)<\/strong><\/td>\n<td width=\"161\"><strong>23\/5<\/strong><\/td>\n<td width=\"130\"><strong>A partir das 18h<\/strong><\/td>\n<\/tr>\n<\/tbody>\n<\/table>\n<h5>\u00a0Leonardo Assad &#8211; jornalista &#8211; bolsista Ascom<\/h5>\n<p>&nbsp;<\/p>\n","protected":false},"excerpt":{"rendered":"<p>O N\u00facleo de Estudos em Alimentos Funcionais (Neaf) est\u00e1 com processo de sele\u00e7\u00e3o aberto at\u00e9 o dia 9 de maio para graduandos de Nutri\u00e7\u00e3o e Engenharia de Alimentos e p\u00f3s-graduandos (stricto sensu), regularmente matriculados na UFLA. As inscri\u00e7\u00f5es devem ser feitas na Cantina Central, das 12 \u00e0s 14 horas, por meio de preenchimento da ficha &hellip; <a href=\"https:\/\/www.ufla.br\/dcom\/2014\/05\/06\/neaf-esta-com-processo-seletivo-em-aberto-ate-o-dia-9-de-maio\/\" class=\"more-link\">Continue lendo <span class=\"screen-reader-text\">Neaf est\u00e1 com processo seletivo em aberto at\u00e9 o dia 9 de maio<\/span> <span class=\"meta-nav\">&rarr;<\/span><\/a><\/p>\n","protected":false},"author":9,"featured_media":0,"comment_status":"closed","ping_status":"closed","sticky":false,"template":"","format":"standard","meta":{"ngg_post_thumbnail":0,"footnotes":""},"categories":[1,10],"tags":[1083],"class_list":["post-35899","post","type-post","status-publish","format-standard","hentry","category-noticias","category-menores","tag-alimentos-funcionais"],"_links":{"self":[{"href":"https:\/\/www.ufla.br\/dcom\/wp-json\/wp\/v2\/posts\/35899","targetHints":{"allow":["GET"]}}],"collection":[{"href":"https:\/\/www.ufla.br\/dcom\/wp-json\/wp\/v2\/posts"}],"about":[{"href":"https:\/\/www.ufla.br\/dcom\/wp-json\/wp\/v2\/types\/post"}],"author":[{"embeddable":true,"href":"https:\/\/www.ufla.br\/dcom\/wp-json\/wp\/v2\/users\/9"}],"replies":[{"embeddable":true,"href":"https:\/\/www.ufla.br\/dcom\/wp-json\/wp\/v2\/comments?post=35899"}],"version-history":[{"count":3,"href":"https:\/\/www.ufla.br\/dcom\/wp-json\/wp\/v2\/posts\/35899\/revisions"}],"predecessor-version":[{"id":36057,"href":"https:\/\/www.ufla.br\/dcom\/wp-json\/wp\/v2\/posts\/35899\/revisions\/36057"}],"wp:attachment":[{"href":"https:\/\/www.ufla.br\/dcom\/wp-json\/wp\/v2\/media?parent=35899"}],"wp:term":[{"taxonomy":"category","embeddable":true,"href":"https:\/\/www.ufla.br\/dcom\/wp-json\/wp\/v2\/categories?post=35899"},{"taxonomy":"post_tag","embeddable":true,"href":"https:\/\/www.ufla.br\/dcom\/wp-json\/wp\/v2\/tags?post=35899"}],"curies":[{"name":"wp","href":"https:\/\/api.w.org\/{rel}","templated":true}]}}