{"id":32794,"date":"2014-04-01T10:58:31","date_gmt":"2014-04-01T13:58:31","guid":{"rendered":"http:\/\/www.ufla.br\/ascom\/?p=32794"},"modified":"2014-07-23T17:23:39","modified_gmt":"2014-07-23T20:23:39","slug":"curso-de-capacitacao-em-cultura-do-algodao-para-profissionais-africanos-e-lancado-veja-fotos","status":"publish","type":"post","link":"https:\/\/www.ufla.br\/dcom\/2014\/04\/01\/curso-de-capacitacao-em-cultura-do-algodao-para-profissionais-africanos-e-lancado-veja-fotos\/","title":{"rendered":"Curso de capacita\u00e7\u00e3o em cultura do algod\u00e3o para profissionais africanos \u00e9 lan\u00e7ado &#8211; veja fotos"},"content":{"rendered":"<p><span style=\"line-height: 1.5em;\"><a href=\"http:\/\/www.ufla.br\/ascom\/wp-content\/uploads\/2014\/04\/IMG_5970.jpg\"><img loading=\"lazy\" decoding=\"async\" class=\"alignleft size-medium wp-image-32820\" src=\"http:\/\/www.ufla.br\/ascom\/wp-content\/uploads\/2014\/04\/IMG_5970-249x166.jpg\" alt=\"IMG_5970\" width=\"249\" height=\"166\" srcset=\"https:\/\/www.ufla.br\/dcom\/wp-content\/uploads\/2014\/04\/IMG_5970-249x166.jpg 249w, https:\/\/www.ufla.br\/dcom\/wp-content\/uploads\/2014\/04\/IMG_5970-612x408.jpg 612w, https:\/\/www.ufla.br\/dcom\/wp-content\/uploads\/2014\/04\/IMG_5970.jpg 850w\" sizes=\"auto, (max-width: 249px) 100vw, 249px\" \/><\/a>A aula inaugural do Curso de Capacita\u00e7\u00e3o e Transfer\u00eancia de Tecnologia na Cultura do Algod\u00e3o foi realizada no dia 31\/3, no Sal\u00e3o dos Conselhos da Reitoria. Os trinta participantes (profissionais vindos de Angola, Cabo Verde, Mo\u00e7ambique e S\u00e3o Tom\u00e9 e Pr\u00edncipe) e servidores da UFLA assistiram \u00e0 solenidade.<\/span><\/p>\n<p>Essa capacita\u00e7\u00e3o \u00e9 oferecida pela UFLA, em parceria com o Minist\u00e9rio das Rela\u00e7\u00f5es Exteriores (MRE), Instituto Brasileiro do Algod\u00e3o (IBA) e a Funda\u00e7\u00e3o de Desenvolvimento Cient\u00edfico e Cultural da UFLA (Fundecc). Ap\u00f3s a entrega dos materiais, o coordenador t\u00e9cnico do curso, professor Ant\u00f4nio Carlos Fraga (<a href=\"http:\/\/www.dag.ufla.br\/\">DAG<\/a>) abriu os pronunciamentos resgatando como o projeto dessa capacita\u00e7\u00e3o foi feito, constru\u00eddo conjuntamente com o MRE e IBA. O presidente executivo do IBA, Haroldo Rodrigues da Cunha, e o representante do MRE, Leandro Rocha de Ara\u00fajo, enfatizaram o apoio dado pelo governo brasileiro e pelas institui\u00e7\u00f5es a programas que estimulem o desenvolvimento da cultura algodoeira em pa\u00edses africanos.<\/p>\n<p>O reitor da UFLA, professor Jos\u00e9 Roberto Scolforo, apresentou a Universidade aos cursistas, em linhas gerais. Citou o excelente posicionamento da Institui\u00e7\u00e3o em rankings, mas afirmou que essas medi\u00e7\u00f5es s\u00e3o menos importantes que o compartilhamento do conhecimento gerado na UFLA \u2013 experi\u00eancia que ocorrer\u00e1 durante o curso.<\/p>\n<p>Al\u00e9m dos prelecionistas, constitu\u00edram a mesa de honra as seguintes autoridades: o pr\u00f3-reitor de P\u00f3s-Gradua\u00e7\u00e3o da UFLA, professor Alcides Moino Junior; o diretor de Rela\u00e7\u00f5es Internacionais, professor Antonio Chalfun Junior; e o diretor executivo da Fundecc, professor Rilke Tadeu Fonseca de Freitas.<\/p>\n<p>Refor\u00e7ando o programa de coopera\u00e7\u00e3o Sul-Sul do Brasil, o curso \u00e9 uma iniciativa estrat\u00e9gica que impulsionar\u00e1 a gera\u00e7\u00e3o de empregos e aumento de renda, com consequente melhoria de qualidade de vida dos agricultores africanos.<\/p>\n<p>Vindo da Universidade Zambeze (Mo\u00e7ambique), o cursista Inacio Mateus espera que difundir \u00e0 sua comunidade os conhecimentos compartilhados na UFLA e capacitar t\u00e9cnicos, contribuindo para a produtividade do seu pa\u00eds.<\/p>\n<p>Servidora do Instituto do Algod\u00e3o de Mo\u00e7ambique, \u00c1gueda Leonor Belunga Tembe tamb\u00e9m destaca o papel dos cursistas como multiplicadores: \u201cPromovemos forma\u00e7\u00f5es peri\u00f3dicas para t\u00e9cnicos de empresas e produtores, inclusive com visitas de campo\u201d.<\/p>\n<p>At\u00e9 julho, ser\u00e3o realizadas 320 horas de aulas mais 40 horas de semin\u00e1rios t\u00e9cnicos. Nesses quatro meses, ser\u00e3o abordadas todas as etapas da produ\u00e7\u00e3o de algod\u00e3o \u2013 produto que possui grande peso econ\u00f4mico em pa\u00edses africanos. Os contemplados recebem bolsa mensal, passagens a\u00e9reas, seguro de vida e sa\u00fade, entre outros benef\u00edcios.<\/p>\n<p><b>Participantes:<\/b><\/p>\n<p><img loading=\"lazy\" decoding=\"async\" class=\"alignright size-medium wp-image-32795\" src=\"http:\/\/www.ufla.br\/ascom\/wp-content\/uploads\/2014\/04\/IMG_6022-249x166.jpg\" alt=\"IMG_6022\" width=\"249\" height=\"166\" srcset=\"https:\/\/www.ufla.br\/dcom\/wp-content\/uploads\/2014\/04\/IMG_6022-249x166.jpg 249w, https:\/\/www.ufla.br\/dcom\/wp-content\/uploads\/2014\/04\/IMG_6022-612x408.jpg 612w\" sizes=\"auto, (max-width: 249px) 100vw, 249px\" \/><\/p>\n<p><b>Angola<\/b><\/p>\n<ul>\n<li>Elias Jorge do Nascimento Mouzinho<\/li>\n<li>Herculano Alexandre Quilombo<\/li>\n<li>Maria Francisca da Costa<\/li>\n<li>M\u00e1rio Nunes da Silva<\/li>\n<li>Pedro Messa<\/li>\n<\/ul>\n<p><b>Cabo Verde<\/b><\/p>\n<ul>\n<li>Adilson Jos\u00e9 Fernandes Monteiro<\/li>\n<li>Jaime Ledo Barros de Pina<\/li>\n<li>Jos\u00e9 Luiz Elba Martins<\/li>\n<\/ul>\n<p><b>Mo\u00e7ambique<\/b><\/p>\n<ul>\n<li>\u00c1gueda Leonor Belunga Tembe<\/li>\n<li>Amade Paulo Cussairingua<\/li>\n<li>Armando Duarte Cardoso<\/li>\n<li>Bartolomeu F\u00e9lix Tangune<\/li>\n<li>Calado Jos\u00e9 Fulete<\/li>\n<li>Matias Siueia J\u00fanior<\/li>\n<li>Darc\u00edlia Cristina Mosteiro Matusse<\/li>\n<li>Den\u00edlson Paulo da Rosa Mavaieie<\/li>\n<li>Edson Antonio Baptista Vasconcelos Tanga<\/li>\n<li>Edson Brito Joaquim Carneiro<\/li>\n<li>Elina Judite da Rosa Victor Massengele<\/li>\n<li>In\u00e1cio Mateus<\/li>\n<li>Ivan Natividade J\u00falio Zevo<\/li>\n<li>Jeremias Jo\u00e3o Francisco Sacuze<\/li>\n<li>Jo\u00e3o Paulo Chichango<\/li>\n<li>Jo\u00e3o Sebasti\u00e3o Mbembele<\/li>\n<li>Joaquim Nhacha Dentor<\/li>\n<li>Manuel Pedro Maleia<\/li>\n<li>Orlando Muamba Ussene<\/li>\n<\/ul>\n<p><b>S\u00e3o Tom\u00e9 e Pr\u00edncipe<\/b><\/p>\n<ul>\n<li>Aleksander Garrido Martins<\/li>\n<li>Armando Dias Monteiro<\/li>\n<li>Loisiki Pires da Trindade<\/li>\n<\/ul>\n<p><!-- default-view.php -->\n<div\n\tclass=\"ngg-galleryoverview default-view\n\t ngg-ajax-pagination-none\t\"\n\tid=\"ngg-gallery-e395943369d7dd36907172f8f807f79a-1\">\n\n\t\t<!-- Thumbnails -->\n\t\t\t\t<div id=\"ngg-image-0\" class=\"ngg-gallery-thumbnail-box\n\t\t\t\t\t\t\t\tngg-5-columns\t\t\t\"\n\t\t\t>\n\t\t\t\t\t\t<div class=\"ngg-gallery-thumbnail\">\n\t\t\t<a href=\"https:\/\/www.ufla.br\/dcom\/wp-content\/gallery\/curso-algodao-lancamento\/IMG_5969.jpg\"\n\t\t\t\ttitle=\"\"\n\t\t\t\tdata-src=\"https:\/\/www.ufla.br\/dcom\/wp-content\/gallery\/curso-algodao-lancamento\/IMG_5969.jpg\"\n\t\t\t\tdata-thumbnail=\"https:\/\/www.ufla.br\/dcom\/wp-content\/gallery\/curso-algodao-lancamento\/thumbs\/thumbs_IMG_5969.jpg\"\n\t\t\t\tdata-image-id=\"15825\"\n\t\t\t\tdata-title=\"IMG_5969\"\n\t\t\t\tdata-description=\"\"\n\t\t\t\tdata-image-slug=\"img_5969-1\"\n\t\t\t\tclass=\"shutterset_e395943369d7dd36907172f8f807f79a\">\n\t\t\t\t<img\n\t\t\t\t\ttitle=\"IMG_5969\"\n\t\t\t\t\talt=\"IMG_5969\"\n\t\t\t\t\tsrc=\"https:\/\/www.ufla.br\/dcom\/wp-content\/gallery\/curso-algodao-lancamento\/thumbs\/thumbs_IMG_5969.jpg\"\n\t\t\t\t\twidth=\"100\"\n\t\t\t\t\theight=\"75\"\n\t\t\t\t\tstyle=\"max-width:100%;\"\n\t\t\t\t\/>\n\t\t\t<\/a>\n\t\t<\/div>\n\t\t\t\t\t\t\t<\/div>\n\t\t\t\n\t\t\t\t<div id=\"ngg-image-1\" class=\"ngg-gallery-thumbnail-box\n\t\t\t\t\t\t\t\tngg-5-columns\t\t\t\"\n\t\t\t>\n\t\t\t\t\t\t<div class=\"ngg-gallery-thumbnail\">\n\t\t\t<a href=\"https:\/\/www.ufla.br\/dcom\/wp-content\/gallery\/curso-algodao-lancamento\/IMG_5970.jpg\"\n\t\t\t\ttitle=\" \"\n\t\t\t\tdata-src=\"https:\/\/www.ufla.br\/dcom\/wp-content\/gallery\/curso-algodao-lancamento\/IMG_5970.jpg\"\n\t\t\t\tdata-thumbnail=\"https:\/\/www.ufla.br\/dcom\/wp-content\/gallery\/curso-algodao-lancamento\/thumbs\/thumbs_IMG_5970.jpg\"\n\t\t\t\tdata-image-id=\"15826\"\n\t\t\t\tdata-title=\"IMG_5970\"\n\t\t\t\tdata-description=\" \"\n\t\t\t\tdata-image-slug=\"img_5970\"\n\t\t\t\tclass=\"shutterset_e395943369d7dd36907172f8f807f79a\">\n\t\t\t\t<img\n\t\t\t\t\ttitle=\"IMG_5970\"\n\t\t\t\t\talt=\"IMG_5970\"\n\t\t\t\t\tsrc=\"https:\/\/www.ufla.br\/dcom\/wp-content\/gallery\/curso-algodao-lancamento\/thumbs\/thumbs_IMG_5970.jpg\"\n\t\t\t\t\twidth=\"100\"\n\t\t\t\t\theight=\"75\"\n\t\t\t\t\tstyle=\"max-width:100%;\"\n\t\t\t\t\/>\n\t\t\t<\/a>\n\t\t<\/div>\n\t\t\t\t\t\t\t<\/div>\n\t\t\t\n\t\t\t\t<div id=\"ngg-image-2\" class=\"ngg-gallery-thumbnail-box\n\t\t\t\t\t\t\t\tngg-5-columns\t\t\t\"\n\t\t\t>\n\t\t\t\t\t\t<div class=\"ngg-gallery-thumbnail\">\n\t\t\t<a href=\"https:\/\/www.ufla.br\/dcom\/wp-content\/gallery\/curso-algodao-lancamento\/IMG_5992.jpg\"\n\t\t\t\ttitle=\" \"\n\t\t\t\tdata-src=\"https:\/\/www.ufla.br\/dcom\/wp-content\/gallery\/curso-algodao-lancamento\/IMG_5992.jpg\"\n\t\t\t\tdata-thumbnail=\"https:\/\/www.ufla.br\/dcom\/wp-content\/gallery\/curso-algodao-lancamento\/thumbs\/thumbs_IMG_5992.jpg\"\n\t\t\t\tdata-image-id=\"15827\"\n\t\t\t\tdata-title=\"IMG_5992\"\n\t\t\t\tdata-description=\" \"\n\t\t\t\tdata-image-slug=\"img_5992-1\"\n\t\t\t\tclass=\"shutterset_e395943369d7dd36907172f8f807f79a\">\n\t\t\t\t<img\n\t\t\t\t\ttitle=\"IMG_5992\"\n\t\t\t\t\talt=\"IMG_5992\"\n\t\t\t\t\tsrc=\"https:\/\/www.ufla.br\/dcom\/wp-content\/gallery\/curso-algodao-lancamento\/thumbs\/thumbs_IMG_5992.jpg\"\n\t\t\t\t\twidth=\"100\"\n\t\t\t\t\theight=\"75\"\n\t\t\t\t\tstyle=\"max-width:100%;\"\n\t\t\t\t\/>\n\t\t\t<\/a>\n\t\t<\/div>\n\t\t\t\t\t\t\t<\/div>\n\t\t\t\n\t\t\t\t<div id=\"ngg-image-3\" class=\"ngg-gallery-thumbnail-box\n\t\t\t\t\t\t\t\tngg-5-columns\t\t\t\"\n\t\t\t>\n\t\t\t\t\t\t<div class=\"ngg-gallery-thumbnail\">\n\t\t\t<a href=\"https:\/\/www.ufla.br\/dcom\/wp-content\/gallery\/curso-algodao-lancamento\/IMG_5993.jpg\"\n\t\t\t\ttitle=\" \"\n\t\t\t\tdata-src=\"https:\/\/www.ufla.br\/dcom\/wp-content\/gallery\/curso-algodao-lancamento\/IMG_5993.jpg\"\n\t\t\t\tdata-thumbnail=\"https:\/\/www.ufla.br\/dcom\/wp-content\/gallery\/curso-algodao-lancamento\/thumbs\/thumbs_IMG_5993.jpg\"\n\t\t\t\tdata-image-id=\"15828\"\n\t\t\t\tdata-title=\"IMG_5993\"\n\t\t\t\tdata-description=\" \"\n\t\t\t\tdata-image-slug=\"img_5993-1\"\n\t\t\t\tclass=\"shutterset_e395943369d7dd36907172f8f807f79a\">\n\t\t\t\t<img\n\t\t\t\t\ttitle=\"IMG_5993\"\n\t\t\t\t\talt=\"IMG_5993\"\n\t\t\t\t\tsrc=\"https:\/\/www.ufla.br\/dcom\/wp-content\/gallery\/curso-algodao-lancamento\/thumbs\/thumbs_IMG_5993.jpg\"\n\t\t\t\t\twidth=\"100\"\n\t\t\t\t\theight=\"75\"\n\t\t\t\t\tstyle=\"max-width:100%;\"\n\t\t\t\t\/>\n\t\t\t<\/a>\n\t\t<\/div>\n\t\t\t\t\t\t\t<\/div>\n\t\t\t\n\t\t\t\t<div id=\"ngg-image-4\" class=\"ngg-gallery-thumbnail-box\n\t\t\t\t\t\t\t\tngg-5-columns\t\t\t\"\n\t\t\t>\n\t\t\t\t\t\t<div class=\"ngg-gallery-thumbnail\">\n\t\t\t<a href=\"https:\/\/www.ufla.br\/dcom\/wp-content\/gallery\/curso-algodao-lancamento\/IMG_5994.jpg\"\n\t\t\t\ttitle=\" \"\n\t\t\t\tdata-src=\"https:\/\/www.ufla.br\/dcom\/wp-content\/gallery\/curso-algodao-lancamento\/IMG_5994.jpg\"\n\t\t\t\tdata-thumbnail=\"https:\/\/www.ufla.br\/dcom\/wp-content\/gallery\/curso-algodao-lancamento\/thumbs\/thumbs_IMG_5994.jpg\"\n\t\t\t\tdata-image-id=\"15829\"\n\t\t\t\tdata-title=\"IMG_5994\"\n\t\t\t\tdata-description=\" \"\n\t\t\t\tdata-image-slug=\"img_5994-1\"\n\t\t\t\tclass=\"shutterset_e395943369d7dd36907172f8f807f79a\">\n\t\t\t\t<img\n\t\t\t\t\ttitle=\"IMG_5994\"\n\t\t\t\t\talt=\"IMG_5994\"\n\t\t\t\t\tsrc=\"https:\/\/www.ufla.br\/dcom\/wp-content\/gallery\/curso-algodao-lancamento\/thumbs\/thumbs_IMG_5994.jpg\"\n\t\t\t\t\twidth=\"100\"\n\t\t\t\t\theight=\"75\"\n\t\t\t\t\tstyle=\"max-width:100%;\"\n\t\t\t\t\/>\n\t\t\t<\/a>\n\t\t<\/div>\n\t\t\t\t\t\t\t<\/div>\n\t\t\t\n\t\t\t\t<div id=\"ngg-image-5\" class=\"ngg-gallery-thumbnail-box\n\t\t\t\t\t\t\t\tngg-5-columns\t\t\t\"\n\t\t\t>\n\t\t\t\t\t\t<div class=\"ngg-gallery-thumbnail\">\n\t\t\t<a href=\"https:\/\/www.ufla.br\/dcom\/wp-content\/gallery\/curso-algodao-lancamento\/IMG_5997.jpg\"\n\t\t\t\ttitle=\" \"\n\t\t\t\tdata-src=\"https:\/\/www.ufla.br\/dcom\/wp-content\/gallery\/curso-algodao-lancamento\/IMG_5997.jpg\"\n\t\t\t\tdata-thumbnail=\"https:\/\/www.ufla.br\/dcom\/wp-content\/gallery\/curso-algodao-lancamento\/thumbs\/thumbs_IMG_5997.jpg\"\n\t\t\t\tdata-image-id=\"15830\"\n\t\t\t\tdata-title=\"IMG_5997\"\n\t\t\t\tdata-description=\" \"\n\t\t\t\tdata-image-slug=\"img_5997-1\"\n\t\t\t\tclass=\"shutterset_e395943369d7dd36907172f8f807f79a\">\n\t\t\t\t<img\n\t\t\t\t\ttitle=\"IMG_5997\"\n\t\t\t\t\talt=\"IMG_5997\"\n\t\t\t\t\tsrc=\"https:\/\/www.ufla.br\/dcom\/wp-content\/gallery\/curso-algodao-lancamento\/thumbs\/thumbs_IMG_5997.jpg\"\n\t\t\t\t\twidth=\"100\"\n\t\t\t\t\theight=\"75\"\n\t\t\t\t\tstyle=\"max-width:100%;\"\n\t\t\t\t\/>\n\t\t\t<\/a>\n\t\t<\/div>\n\t\t\t\t\t\t\t<\/div>\n\t\t\t\n\t\t\t\t<div id=\"ngg-image-6\" class=\"ngg-gallery-thumbnail-box\n\t\t\t\t\t\t\t\tngg-5-columns\t\t\t\"\n\t\t\t>\n\t\t\t\t\t\t<div class=\"ngg-gallery-thumbnail\">\n\t\t\t<a href=\"https:\/\/www.ufla.br\/dcom\/wp-content\/gallery\/curso-algodao-lancamento\/IMG_6003.jpg\"\n\t\t\t\ttitle=\" \"\n\t\t\t\tdata-src=\"https:\/\/www.ufla.br\/dcom\/wp-content\/gallery\/curso-algodao-lancamento\/IMG_6003.jpg\"\n\t\t\t\tdata-thumbnail=\"https:\/\/www.ufla.br\/dcom\/wp-content\/gallery\/curso-algodao-lancamento\/thumbs\/thumbs_IMG_6003.jpg\"\n\t\t\t\tdata-image-id=\"15831\"\n\t\t\t\tdata-title=\"IMG_6003\"\n\t\t\t\tdata-description=\" \"\n\t\t\t\tdata-image-slug=\"img_6003-1\"\n\t\t\t\tclass=\"shutterset_e395943369d7dd36907172f8f807f79a\">\n\t\t\t\t<img\n\t\t\t\t\ttitle=\"IMG_6003\"\n\t\t\t\t\talt=\"IMG_6003\"\n\t\t\t\t\tsrc=\"https:\/\/www.ufla.br\/dcom\/wp-content\/gallery\/curso-algodao-lancamento\/thumbs\/thumbs_IMG_6003.jpg\"\n\t\t\t\t\twidth=\"100\"\n\t\t\t\t\theight=\"75\"\n\t\t\t\t\tstyle=\"max-width:100%;\"\n\t\t\t\t\/>\n\t\t\t<\/a>\n\t\t<\/div>\n\t\t\t\t\t\t\t<\/div>\n\t\t\t\n\t\t\t\t<div id=\"ngg-image-7\" class=\"ngg-gallery-thumbnail-box\n\t\t\t\t\t\t\t\tngg-5-columns\t\t\t\"\n\t\t\t>\n\t\t\t\t\t\t<div class=\"ngg-gallery-thumbnail\">\n\t\t\t<a href=\"https:\/\/www.ufla.br\/dcom\/wp-content\/gallery\/curso-algodao-lancamento\/IMG_6010.jpg\"\n\t\t\t\ttitle=\" \"\n\t\t\t\tdata-src=\"https:\/\/www.ufla.br\/dcom\/wp-content\/gallery\/curso-algodao-lancamento\/IMG_6010.jpg\"\n\t\t\t\tdata-thumbnail=\"https:\/\/www.ufla.br\/dcom\/wp-content\/gallery\/curso-algodao-lancamento\/thumbs\/thumbs_IMG_6010.jpg\"\n\t\t\t\tdata-image-id=\"15832\"\n\t\t\t\tdata-title=\"IMG_6010\"\n\t\t\t\tdata-description=\" \"\n\t\t\t\tdata-image-slug=\"img_6010-1\"\n\t\t\t\tclass=\"shutterset_e395943369d7dd36907172f8f807f79a\">\n\t\t\t\t<img\n\t\t\t\t\ttitle=\"IMG_6010\"\n\t\t\t\t\talt=\"IMG_6010\"\n\t\t\t\t\tsrc=\"https:\/\/www.ufla.br\/dcom\/wp-content\/gallery\/curso-algodao-lancamento\/thumbs\/thumbs_IMG_6010.jpg\"\n\t\t\t\t\twidth=\"100\"\n\t\t\t\t\theight=\"75\"\n\t\t\t\t\tstyle=\"max-width:100%;\"\n\t\t\t\t\/>\n\t\t\t<\/a>\n\t\t<\/div>\n\t\t\t\t\t\t\t<\/div>\n\t\t\t\n\t\t\t\t<div id=\"ngg-image-8\" class=\"ngg-gallery-thumbnail-box\n\t\t\t\t\t\t\t\tngg-5-columns\t\t\t\"\n\t\t\t>\n\t\t\t\t\t\t<div class=\"ngg-gallery-thumbnail\">\n\t\t\t<a href=\"https:\/\/www.ufla.br\/dcom\/wp-content\/gallery\/curso-algodao-lancamento\/IMG_6016.jpg\"\n\t\t\t\ttitle=\" \"\n\t\t\t\tdata-src=\"https:\/\/www.ufla.br\/dcom\/wp-content\/gallery\/curso-algodao-lancamento\/IMG_6016.jpg\"\n\t\t\t\tdata-thumbnail=\"https:\/\/www.ufla.br\/dcom\/wp-content\/gallery\/curso-algodao-lancamento\/thumbs\/thumbs_IMG_6016.jpg\"\n\t\t\t\tdata-image-id=\"15833\"\n\t\t\t\tdata-title=\"IMG_6016\"\n\t\t\t\tdata-description=\" \"\n\t\t\t\tdata-image-slug=\"img_6016-1\"\n\t\t\t\tclass=\"shutterset_e395943369d7dd36907172f8f807f79a\">\n\t\t\t\t<img\n\t\t\t\t\ttitle=\"IMG_6016\"\n\t\t\t\t\talt=\"IMG_6016\"\n\t\t\t\t\tsrc=\"https:\/\/www.ufla.br\/dcom\/wp-content\/gallery\/curso-algodao-lancamento\/thumbs\/thumbs_IMG_6016.jpg\"\n\t\t\t\t\twidth=\"100\"\n\t\t\t\t\theight=\"75\"\n\t\t\t\t\tstyle=\"max-width:100%;\"\n\t\t\t\t\/>\n\t\t\t<\/a>\n\t\t<\/div>\n\t\t\t\t\t\t\t<\/div>\n\t\t\t\n\t\t\t\t<div id=\"ngg-image-9\" class=\"ngg-gallery-thumbnail-box\n\t\t\t\t\t\t\t\tngg-5-columns\t\t\t\"\n\t\t\t>\n\t\t\t\t\t\t<div class=\"ngg-gallery-thumbnail\">\n\t\t\t<a href=\"https:\/\/www.ufla.br\/dcom\/wp-content\/gallery\/curso-algodao-lancamento\/IMG_6022.jpg\"\n\t\t\t\ttitle=\" \"\n\t\t\t\tdata-src=\"https:\/\/www.ufla.br\/dcom\/wp-content\/gallery\/curso-algodao-lancamento\/IMG_6022.jpg\"\n\t\t\t\tdata-thumbnail=\"https:\/\/www.ufla.br\/dcom\/wp-content\/gallery\/curso-algodao-lancamento\/thumbs\/thumbs_IMG_6022.jpg\"\n\t\t\t\tdata-image-id=\"15834\"\n\t\t\t\tdata-title=\"IMG_6022\"\n\t\t\t\tdata-description=\" \"\n\t\t\t\tdata-image-slug=\"img_6022-1\"\n\t\t\t\tclass=\"shutterset_e395943369d7dd36907172f8f807f79a\">\n\t\t\t\t<img\n\t\t\t\t\ttitle=\"IMG_6022\"\n\t\t\t\t\talt=\"IMG_6022\"\n\t\t\t\t\tsrc=\"https:\/\/www.ufla.br\/dcom\/wp-content\/gallery\/curso-algodao-lancamento\/thumbs\/thumbs_IMG_6022.jpg\"\n\t\t\t\t\twidth=\"100\"\n\t\t\t\t\theight=\"75\"\n\t\t\t\t\tstyle=\"max-width:100%;\"\n\t\t\t\t\/>\n\t\t\t<\/a>\n\t\t<\/div>\n\t\t\t\t\t\t\t<\/div>\n\t\t\t\n\t\n\t<br style=\"clear: both\" \/>\n\n\t\n\t\t<!-- Pagination -->\n\t\t<div class='ngg-clear'><\/div>\t<\/div>\n<\/p>\n<p>&nbsp;<\/p>\n","protected":false},"excerpt":{"rendered":"<p>A aula inaugural do Curso de Capacita\u00e7\u00e3o e Transfer\u00eancia de Tecnologia na Cultura do Algod\u00e3o foi realizada no dia 31\/3, no Sal\u00e3o dos Conselhos da Reitoria. Os trinta participantes (profissionais vindos de Angola, Cabo Verde, Mo\u00e7ambique e S\u00e3o Tom\u00e9 e Pr\u00edncipe) e servidores da UFLA assistiram \u00e0 solenidade. Essa capacita\u00e7\u00e3o \u00e9 oferecida pela UFLA, em &hellip; <a href=\"https:\/\/www.ufla.br\/dcom\/2014\/04\/01\/curso-de-capacitacao-em-cultura-do-algodao-para-profissionais-africanos-e-lancado-veja-fotos\/\" class=\"more-link\">Continue lendo <span class=\"screen-reader-text\">Curso de capacita\u00e7\u00e3o em cultura do algod\u00e3o para profissionais africanos \u00e9 lan\u00e7ado &#8211; veja fotos<\/span> <span class=\"meta-nav\">&rarr;<\/span><\/a><\/p>\n","protected":false},"author":8,"featured_media":0,"comment_status":"closed","ping_status":"closed","sticky":false,"template":"","format":"standard","meta":{"ngg_post_thumbnail":0,"footnotes":""},"categories":[1,10],"tags":[317,824,1044,432],"class_list":["post-32794","post","type-post","status-publish","format-standard","hentry","category-noticias","category-menores","tag-agricultura","tag-agricultura-familiar","tag-algodao","tag-internacionalizacao"],"_links":{"self":[{"href":"https:\/\/www.ufla.br\/dcom\/wp-json\/wp\/v2\/posts\/32794","targetHints":{"allow":["GET"]}}],"collection":[{"href":"https:\/\/www.ufla.br\/dcom\/wp-json\/wp\/v2\/posts"}],"about":[{"href":"https:\/\/www.ufla.br\/dcom\/wp-json\/wp\/v2\/types\/post"}],"author":[{"embeddable":true,"href":"https:\/\/www.ufla.br\/dcom\/wp-json\/wp\/v2\/users\/8"}],"replies":[{"embeddable":true,"href":"https:\/\/www.ufla.br\/dcom\/wp-json\/wp\/v2\/comments?post=32794"}],"version-history":[{"count":4,"href":"https:\/\/www.ufla.br\/dcom\/wp-json\/wp\/v2\/posts\/32794\/revisions"}],"predecessor-version":[{"id":40871,"href":"https:\/\/www.ufla.br\/dcom\/wp-json\/wp\/v2\/posts\/32794\/revisions\/40871"}],"wp:attachment":[{"href":"https:\/\/www.ufla.br\/dcom\/wp-json\/wp\/v2\/media?parent=32794"}],"wp:term":[{"taxonomy":"category","embeddable":true,"href":"https:\/\/www.ufla.br\/dcom\/wp-json\/wp\/v2\/categories?post=32794"},{"taxonomy":"post_tag","embeddable":true,"href":"https:\/\/www.ufla.br\/dcom\/wp-json\/wp\/v2\/tags?post=32794"}],"curies":[{"name":"wp","href":"https:\/\/api.w.org\/{rel}","templated":true}]}}