{"id":30963,"date":"2014-03-25T10:00:01","date_gmt":"2014-03-25T13:00:01","guid":{"rendered":"http:\/\/www.ufla.br\/ascom\/?p=30963"},"modified":"2014-03-26T16:51:42","modified_gmt":"2014-03-26T19:51:42","slug":"cinema-com-vida-retoma-suas-atividades-com-o-filme-the-birds","status":"publish","type":"post","link":"https:\/\/www.ufla.br\/dcom\/2014\/03\/25\/cinema-com-vida-retoma-suas-atividades-com-o-filme-the-birds\/","title":{"rendered":"Cinema com Vida retoma suas atividades com o filme \u201cThe Birds\u201d"},"content":{"rendered":"<p><a href=\"http:\/\/www.ufla.br\/ascom\/wp-content\/uploads\/2014\/03\/cinema-com-vida-the-birds.jpg\"><img loading=\"lazy\" decoding=\"async\" class=\"alignleft size-medium wp-image-30964\" alt=\"cinema com vida the birds\" src=\"http:\/\/www.ufla.br\/ascom\/wp-content\/uploads\/2014\/03\/cinema-com-vida-the-birds-249x163.jpg\" width=\"249\" height=\"163\" srcset=\"https:\/\/www.ufla.br\/dcom\/wp-content\/uploads\/2014\/03\/cinema-com-vida-the-birds-249x163.jpg 249w, https:\/\/www.ufla.br\/dcom\/wp-content\/uploads\/2014\/03\/cinema-com-vida-the-birds.jpg 532w\" sizes=\"auto, (max-width: 249px) 100vw, 249px\" \/><\/a>O projeto Cinema com Vida volta \u00e0s atividades nesta quarta-feira (26\/03) com a exibi\u00e7\u00e3o do filme \u201cThe Birds\u201d, do cineasta Alfred Hitchcock, no Museu de Hist\u00f3ria Natural, situado no C\u00e2mpus Hist\u00f3rico da Universidade Federal de Lavras (UFLA), com in\u00edcio \u00e0s 14h. A coordena\u00e7\u00e3o \u00e9 da professora\u00a0<span style=\"line-height: 1.5em;\">do Departamento de Educa\u00e7\u00e3o (DED)<\/span><span style=\"line-height: 1.5em;\">\u00a0Luciana Azevedo e do professor\u00a0<\/span><span style=\"line-height: 1.5em;\">do Departamento de Educa\u00e7\u00e3o F\u00edsica (DEF)\u00a0<\/span><span style=\"line-height: 1.5em;\">M\u00e1rcio Farias.<\/span><\/p>\n<p>The Birds (Os P\u00e1ssaros) foi exibido pela primeira vez em 1963, baseado em um conto de mesmo nome da escritora brit\u00e2nica Daphne Du Maurier. S\u00f3 \u00e9 poss\u00edvel ouvir m\u00fasica de fundo em tr\u00eas momentos ao longo da hist\u00f3ria, o que cria a atmosfera de suspense. Foi uma das primeiras obras cinematogr\u00e1ficas a n\u00e3o exibir o cl\u00e1ssico \u201cthe end\u201d.<\/p>\n<p>O objetivo do projeto Cinema com Vida \u00e9 promover a forma\u00e7\u00e3o cultural de docentes e futuros professores, e conta com o apoio da Funda\u00e7\u00e3o de Amparo \u00e0 Pesquisa de Minas Gerais (Fapemig). A entrada \u00e9 gratuita.<b><\/b><\/p>\n<p>&nbsp;<\/p>\n<p><b>Sinopse\u00a0<\/b><br \/>\nMelanie Daniels (Tippi Hedren), uma jovem da cidade de S\u00e3o Francisco, vai at\u00e9 a pequena cidade Bodega Bay, na Calif\u00f3rnia (Estados Unidos), atr\u00e1s de um potencial namorado chamado Mitch Brenner. Por\u00e9m, fatos estranhos come\u00e7am a acontecer no local: p\u00e1ssaros de todas as esp\u00e9cies passam a atacar a popula\u00e7\u00e3o, em n\u00famero cada vez maior e com mais viol\u00eancia, deixando todos aterrorizados.<\/p>\n<h5><b>Leonardo Assad \u2013 jornalista \u2013 bolsista Ascom\/UFLA<\/b><\/h5>\n<p>&nbsp;<\/p>\n","protected":false},"excerpt":{"rendered":"<p>O projeto Cinema com Vida volta \u00e0s atividades nesta quarta-feira (26\/03) com a exibi\u00e7\u00e3o do filme \u201cThe Birds\u201d, do cineasta Alfred Hitchcock, no Museu de Hist\u00f3ria Natural, situado no C\u00e2mpus Hist\u00f3rico da Universidade Federal de Lavras (UFLA), com in\u00edcio \u00e0s 14h. A coordena\u00e7\u00e3o \u00e9 da professora\u00a0do Departamento de Educa\u00e7\u00e3o (DED)\u00a0Luciana Azevedo e do professor\u00a0do Departamento &hellip; <a href=\"https:\/\/www.ufla.br\/dcom\/2014\/03\/25\/cinema-com-vida-retoma-suas-atividades-com-o-filme-the-birds\/\" class=\"more-link\">Continue lendo <span class=\"screen-reader-text\">Cinema com Vida retoma suas atividades com o filme \u201cThe Birds\u201d<\/span> <span class=\"meta-nav\">&rarr;<\/span><\/a><\/p>\n","protected":false},"author":9,"featured_media":0,"comment_status":"closed","ping_status":"closed","sticky":false,"template":"","format":"standard","meta":{"ngg_post_thumbnail":0,"footnotes":""},"categories":[1],"tags":[199],"class_list":["post-30963","post","type-post","status-publish","format-standard","hentry","category-noticias","tag-cinema-com-vida"],"_links":{"self":[{"href":"https:\/\/www.ufla.br\/dcom\/wp-json\/wp\/v2\/posts\/30963","targetHints":{"allow":["GET"]}}],"collection":[{"href":"https:\/\/www.ufla.br\/dcom\/wp-json\/wp\/v2\/posts"}],"about":[{"href":"https:\/\/www.ufla.br\/dcom\/wp-json\/wp\/v2\/types\/post"}],"author":[{"embeddable":true,"href":"https:\/\/www.ufla.br\/dcom\/wp-json\/wp\/v2\/users\/9"}],"replies":[{"embeddable":true,"href":"https:\/\/www.ufla.br\/dcom\/wp-json\/wp\/v2\/comments?post=30963"}],"version-history":[{"count":3,"href":"https:\/\/www.ufla.br\/dcom\/wp-json\/wp\/v2\/posts\/30963\/revisions"}],"predecessor-version":[{"id":30967,"href":"https:\/\/www.ufla.br\/dcom\/wp-json\/wp\/v2\/posts\/30963\/revisions\/30967"}],"wp:attachment":[{"href":"https:\/\/www.ufla.br\/dcom\/wp-json\/wp\/v2\/media?parent=30963"}],"wp:term":[{"taxonomy":"category","embeddable":true,"href":"https:\/\/www.ufla.br\/dcom\/wp-json\/wp\/v2\/categories?post=30963"},{"taxonomy":"post_tag","embeddable":true,"href":"https:\/\/www.ufla.br\/dcom\/wp-json\/wp\/v2\/tags?post=30963"}],"curies":[{"name":"wp","href":"https:\/\/api.w.org\/{rel}","templated":true}]}}