{"id":3010,"date":"2010-10-26T09:43:00","date_gmt":"2010-10-26T09:43:00","guid":{"rendered":"http:\/\/www.ascom.ufla.br\/site\/index.php\/2010\/10\/administracao-profissional-e-tema-de-congresso-na-ufla\/"},"modified":"2010-10-26T09:43:00","modified_gmt":"2010-10-26T09:43:00","slug":"administracao-profissional-e-tema-de-congresso-na-ufla","status":"publish","type":"post","link":"https:\/\/www.ufla.br\/dcom\/2010\/10\/26\/administracao-profissional-e-tema-de-congresso-na-ufla\/","title":{"rendered":"Administra\u00e7\u00e3o Profissional \u00e9 tema de congresso na Ufla"},"content":{"rendered":"<div>O Programa de Educa&ccedil;&atilde;o Tutorial (PET) do curso de Administra&ccedil;&atilde;o realiza, entre os dias 03 e 07 de novembro, a terceira edi&ccedil;&atilde;o do Congresso de Administra&ccedil;&atilde;o da Ufla (III Cadufla). Com o tema &ldquo;Administra&ccedil;&atilde;o Profissional: Qual a sua Escolha?&rdquo;, o evento pretende mostrar as oportunidades oferecidas atualmente para os profissionais da &aacute;rea, bem como a import&acirc;ncia da profissionaliza&ccedil;&atilde;o para o alcance do sucesso. As inscri&ccedil;&otilde;es est&atilde;o abertas e devem ser feitas pelo site <a href='http:\/\/www.cadufla.com\/'>www.cadufla.com<\/a>.<\/div>\n<\/p>\n<div>&nbsp;<\/div>\n<\/p>\n<div>Diante de um mercado de trabalho competitivo, exigente e diversificado, os organizadores do evento pensaram em uma maneira de proporcionar aos participantes orienta&ccedil;&otilde;es para as diversas escolhas que precisam fazer em suas carreiras. Neste contexto, o III Cadufla ir&aacute; promover a troca de experi&ecirc;ncias atrav&eacute;s da realiza&ccedil;&atilde;o de palestras, cursos, mini-cursos, visitas t&eacute;cnicas e culturais. Entre todos os eventos j&aacute; promovidos pelo grupo PET, este Congresso representa a maior integra&ccedil;&atilde;o entre os estudantes e a Universidade para o desenvolvimento de pesquisa e do conhecimento intelectual.<\/div>\n<\/p>\n<div>&nbsp;<\/div>\n<\/p>\n<div>Outras informa&ccedil;&otilde;es no PET Administra&ccedil;&atilde;o pelo telefone (35) 3829-1753<\/div>\n","protected":false},"excerpt":{"rendered":"<p>O Programa de Educa&ccedil;&atilde;o Tutorial (PET) do curso de Administra&ccedil;&atilde;o realiza, entre os dias 03 e 07 de novembro, a terceira edi&ccedil;&atilde;o do Congresso de Administra&ccedil;&atilde;o da Ufla (III Cadufla). Com o tema &ldquo;Administra&ccedil;&atilde;o Profissional: Qual a sua Escolha?&rdquo;, o evento pretende mostrar as oportunidades oferecidas atualmente para os profissionais da &aacute;rea, bem como a &hellip; <a href=\"https:\/\/www.ufla.br\/dcom\/2010\/10\/26\/administracao-profissional-e-tema-de-congresso-na-ufla\/\" class=\"more-link\">Continue lendo <span class=\"screen-reader-text\">Administra\u00e7\u00e3o Profissional \u00e9 tema de congresso na Ufla<\/span> <span class=\"meta-nav\">&rarr;<\/span><\/a><\/p>\n","protected":false},"author":9,"featured_media":0,"comment_status":"open","ping_status":"open","sticky":false,"template":"","format":"standard","meta":{"ngg_post_thumbnail":0,"footnotes":""},"categories":[1],"tags":[],"class_list":["post-3010","post","type-post","status-publish","format-standard","hentry","category-noticias"],"_links":{"self":[{"href":"https:\/\/www.ufla.br\/dcom\/wp-json\/wp\/v2\/posts\/3010","targetHints":{"allow":["GET"]}}],"collection":[{"href":"https:\/\/www.ufla.br\/dcom\/wp-json\/wp\/v2\/posts"}],"about":[{"href":"https:\/\/www.ufla.br\/dcom\/wp-json\/wp\/v2\/types\/post"}],"author":[{"embeddable":true,"href":"https:\/\/www.ufla.br\/dcom\/wp-json\/wp\/v2\/users\/9"}],"replies":[{"embeddable":true,"href":"https:\/\/www.ufla.br\/dcom\/wp-json\/wp\/v2\/comments?post=3010"}],"version-history":[{"count":0,"href":"https:\/\/www.ufla.br\/dcom\/wp-json\/wp\/v2\/posts\/3010\/revisions"}],"wp:attachment":[{"href":"https:\/\/www.ufla.br\/dcom\/wp-json\/wp\/v2\/media?parent=3010"}],"wp:term":[{"taxonomy":"category","embeddable":true,"href":"https:\/\/www.ufla.br\/dcom\/wp-json\/wp\/v2\/categories?post=3010"},{"taxonomy":"post_tag","embeddable":true,"href":"https:\/\/www.ufla.br\/dcom\/wp-json\/wp\/v2\/tags?post=3010"}],"curies":[{"name":"wp","href":"https:\/\/api.w.org\/{rel}","templated":true}]}}