{"id":29681,"date":"2014-02-06T08:33:11","date_gmt":"2014-02-06T11:33:11","guid":{"rendered":"http:\/\/www.ufla.br\/ascom\/?p=29681"},"modified":"2014-02-24T15:09:48","modified_gmt":"2014-02-24T18:09:48","slug":"ufla-e-confirmada-como-1a-universidade-brasileira-em-ranking-de-sustentabilidade","status":"publish","type":"post","link":"https:\/\/www.ufla.br\/dcom\/2014\/02\/06\/ufla-e-confirmada-como-1a-universidade-brasileira-em-ranking-de-sustentabilidade\/","title":{"rendered":"UFLA \u00e9 confirmada como 1\u00aa universidade brasileira em ranking de sustentabilidade"},"content":{"rendered":"<p><span style=\"line-height: 1.5em;\"><a href=\"http:\/\/www.ufla.br\/ascom\/wp-content\/uploads\/2013\/02\/GREEN-METRIC-ufla.jpg\"><img loading=\"lazy\" decoding=\"async\" class=\"alignleft size-medium wp-image-19664\" alt=\"GREEN METRIC-ufla\" src=\"http:\/\/www.ufla.br\/ascom\/wp-content\/uploads\/2013\/02\/GREEN-METRIC-ufla-249x165.jpg\" width=\"249\" height=\"165\" srcset=\"https:\/\/www.ufla.br\/dcom\/wp-content\/uploads\/2013\/02\/GREEN-METRIC-ufla-249x165.jpg 249w, https:\/\/www.ufla.br\/dcom\/wp-content\/uploads\/2013\/02\/GREEN-METRIC-ufla-612x405.jpg 612w, https:\/\/www.ufla.br\/dcom\/wp-content\/uploads\/2013\/02\/GREEN-METRIC-ufla.jpg 1011w\" sizes=\"auto, (max-width: 249px) 100vw, 249px\" \/><\/a><\/span><span style=\"line-height: 1.5em;\">Pelo segundo ano seguido, a Universidade Federal de Lavras (<\/span><a style=\"line-height: 1.5em;\" href=\"http:\/\/www.ufla.br\/\">UFLA<\/a><span style=\"line-height: 1.5em;\">) conquistou o primeiro lugar entre as institui\u00e7\u00f5es de ensino superior brasileiras no <\/span><i style=\"line-height: 1.5em;\">ranking<\/i><span style=\"line-height: 1.5em;\"> internacional Green Metric. A edi\u00e7\u00e3o mais recente (2013) foi marcada por uma expressiva alta da UFLA na posi\u00e7\u00e3o geral \u2013 indo do 70\u00ba para o 42\u00ba lugar em todo o mundo \u2013 e melhor pontua\u00e7\u00e3o em praticamente todos os quesitos.<\/span><\/p>\n<p>Considerando a classifica\u00e7\u00e3o por \u201cInstitui\u00e7\u00f5es de Ensino Superior Especializado\u201d (<i>Specialized Higher Education Institution<\/i>), a UFLA sobe para a 12\u00aa coloca\u00e7\u00e3o no mundo. Essa coloca\u00e7\u00e3o fica ainda mais alta segundo a classifica\u00e7\u00e3o por universidades localizadas em cidades do interior (<i>Ranking by Campus Setting<\/i>): 6\u00ba lugar no mundo.<\/p>\n<p>A lista \u00e9 elaborada pela Universitas Indonesia (UI), que mede os esfor\u00e7os em sustentabilidade e gest\u00e3o ambiental das institui\u00e7\u00f5es de ensino superior. Na \u00faltima edi\u00e7\u00e3o, 301 universidades de 61 pa\u00edses participaram. A pontua\u00e7\u00e3o \u00e9 dada segundo seis crit\u00e9rios principais: estrutura do c\u00e2mpus e \u00e1reas verdes, consumo de energia, gest\u00e3o de res\u00edduos, uso e tratamento de \u00e1gua, pol\u00edticas sobre transportes e atividades acad\u00eamicas relacionadas ao meio ambiente.<\/p>\n<p>A pontua\u00e7\u00e3o da UFLA \u00e9 particularmente alta nos quesitos Uso e Tratamento de \u00c1gua, em que a Universidade conquistou a pontua\u00e7\u00e3o m\u00e1xima (1000), e Gest\u00e3o de Res\u00edduos, com a terceira maior pontua\u00e7\u00e3o (1500). Outro destaque foi o expressivo aumento nos quesitos Consumo de Energia e Pol\u00edticas sobre Transportes, conforme a tabela abaixo.<\/p>\n<p><b>Pontua\u00e7\u00e3o da UFLA no ranking Green Metric<\/b><\/p>\n<table border=\"1\" cellspacing=\"0\" cellpadding=\"0\">\n<tbody>\n<tr>\n<td valign=\"top\" width=\"44\"><b>Ano<\/b><\/td>\n<td valign=\"top\" width=\"76\">Posi\u00e7\u00e3o<br \/>\ngeral<\/td>\n<td valign=\"top\" width=\"95\">Pontua\u00e7\u00e3o total<\/td>\n<td valign=\"top\" width=\"142\">Estrutura do c\u00e2mpus e \u00e1reas verdes<\/td>\n<td valign=\"top\" width=\"161\">Consumo de energia<\/td>\n<\/tr>\n<tr>\n<td valign=\"top\" width=\"44\">2012<\/td>\n<td valign=\"top\" width=\"76\">70<\/td>\n<td valign=\"top\" width=\"95\">5516.65<\/td>\n<td valign=\"top\" width=\"142\">501.65<\/td>\n<td valign=\"top\" width=\"161\">1195<\/td>\n<\/tr>\n<tr>\n<td valign=\"top\" width=\"44\">2013<\/td>\n<td valign=\"top\" width=\"76\">42<\/td>\n<td valign=\"top\" width=\"95\">6205<\/td>\n<td valign=\"top\" width=\"142\">511<\/td>\n<td valign=\"top\" width=\"161\">1520<\/td>\n<\/tr>\n<tr>\n<td valign=\"top\" width=\"44\"><\/td>\n<td valign=\"top\" width=\"76\"><\/td>\n<td valign=\"top\" width=\"95\"><\/td>\n<td valign=\"top\" width=\"142\"><\/td>\n<td valign=\"top\" width=\"161\"><\/td>\n<\/tr>\n<tr>\n<td valign=\"top\" width=\"44\"><b>Ano<\/b><\/td>\n<td valign=\"top\" width=\"76\">Gest\u00e3o de res\u00edduos<\/td>\n<td valign=\"top\" width=\"95\">Uso e tratamento de \u00e1gua<\/td>\n<td valign=\"top\" width=\"142\">Pol\u00edticas sobre transportes<\/td>\n<td valign=\"top\" width=\"161\">Atividades acad\u00eamicas relacionadas ao meio ambiente<\/td>\n<\/tr>\n<tr>\n<td valign=\"top\" width=\"44\">2012<\/td>\n<td valign=\"top\" width=\"76\">1500<\/td>\n<td valign=\"top\" width=\"95\">1000<\/td>\n<td valign=\"top\" width=\"142\">650<\/td>\n<td valign=\"top\" width=\"161\">670<\/td>\n<\/tr>\n<tr>\n<td valign=\"top\" width=\"44\">2013<\/td>\n<td valign=\"top\" width=\"76\">1500<\/td>\n<td valign=\"top\" width=\"95\">1000<\/td>\n<td valign=\"top\" width=\"142\">1050<\/td>\n<td valign=\"top\" width=\"161\">624<\/td>\n<\/tr>\n<\/tbody>\n<\/table>\n<p><b>Coloca\u00e7\u00f5es<\/b><\/p>\n<p>A Universidade de Nottingham (Reino Unido) foi a primeira colocada no <i>ranking<\/i> 2013. Ela foi seguida pela University College Cork, da Universidade Nacional da Irlanda, e Universidade Northeastern (Reino Unido).<\/p>\n<p>As outras universidades brasileiras que participaram s\u00e3o: Universidade de S\u00e3o Paulo \u2013 USP (144\u00aa), Pontif\u00edcia Universidade Cat\u00f3lica do Rio de Janeiro \u2013 PUC\/RJ (150\u00aa), PUC\/Rio Grande do Sul (151\u00aa), Universidade Federal de S\u00e3o Paulo \u2013 Unifesp (242\u00aa) e Universidade Federal de Pernambuco \u2013 UFPE (262\u00aa).<\/p>\n<p>O objetivo deste\u00a0<i>ranking<\/i>\u00a0\u00e9 fornecer o resultado da pesquisa sobre o estado atual e as pol\u00edticas relacionadas \u00e0 sustentabilidade e preocupa\u00e7\u00e3o ambiental nas universidades de todo o mundo. De acordo com os organizadores, as medidas tomadas pelas institui\u00e7\u00f5es precisam ser identificadas e tomadas como exemplo para a implementa\u00e7\u00e3o de pol\u00edticas sustent\u00e1veis e ecol\u00f3gicas. Espera-se que, chamando a aten\u00e7\u00e3o de dirigentes universit\u00e1rios e demais partes interessadas, mais prioridade seja dada \u00e0s energias limpas, conserva\u00e7\u00e3o da \u00e1gua, combate \u00e0 mudan\u00e7a clim\u00e1tica global, reciclagem e temas relacionados.<\/p>\n<p>O\u00a0<i>ranking<\/i> Green Metric 2013\u00a0pode ser\u00a0<a href=\"http:\/\/greenmetric.ui.ac.id\/id\/page\/ranking-2013\">visualizado aqui<\/a>.<\/p>\n<p><b>Eco Universidade<\/b><\/p>\n<p>Para o reitor da UFLA, professor Jos\u00e9 Roberto Soares Scolforo, a conquista consecutiva demonstra que a Universidade est\u00e1 trilhando o caminho certo na gest\u00e3o ambiental, aliada \u00e0 expans\u00e3o pela qual passa: \u201cBuscamos o crescimento sustent\u00e1vel e a forma\u00e7\u00e3o de profissionais comprometidos com a preserva\u00e7\u00e3o ambiental, por meio de diversas a\u00e7\u00f5es. \u00c9 um resultado que conquistamos por meio de esfor\u00e7os de estudantes, servidores e professores\u201d.<\/p>\n<p>As a\u00e7\u00f5es \u00e0s quais o reitor se referiu integram o Plano Ambiental e Estruturante, que vem sendo implementado na UFLA desde 2009. Entre elas, destacam-se a renova\u00e7\u00e3o de todo o sistema de energia el\u00e9trica; sistemas de coleta e tratamento de esgoto e das \u00e1guas da chuva; a estrutura\u00e7\u00e3o das bacias de drenagem; o plantio de 50 mil mudas de 53 esp\u00e9cies nativas e frut\u00edferas no c\u00e2mpus; medidas de preserva\u00e7\u00e3o das nascentes, treinamento e equipagem da Brigada de Inc\u00eandio; o fim das fossas s\u00e9pticas; e o programa de coleta de res\u00edduos de todos os laborat\u00f3rios, incluindo o treinamento de t\u00e9cnicos dos diferentes setores e de estudantes de p\u00f3s-gradua\u00e7\u00e3o para serem multiplicadores de boas pr\u00e1ticas de uso e reuso de mat\u00e9rias-primas utilizadas em pesquisa.<\/p>\n<p>Saiba mais sobre o Plano em: <a href=\"http:\/\/www.ufla.br\/ecouniversidade\">www.ufla.br\/ecouniversidade<\/a><\/p>\n<p>&nbsp;<\/p>\n","protected":false},"excerpt":{"rendered":"<p>Pelo segundo ano seguido, a Universidade Federal de Lavras (UFLA) conquistou o primeiro lugar entre as institui\u00e7\u00f5es de ensino superior brasileiras no ranking internacional Green Metric. A UFLA avan\u00e7ou na coloca\u00e7\u00e3o geral e melhorou a pontua\u00e7\u00e3o em praticamente todos os quesitos.<\/p>\n","protected":false},"author":8,"featured_media":0,"comment_status":"closed","ping_status":"closed","sticky":false,"template":"","format":"standard","meta":{"ngg_post_thumbnail":0,"footnotes":""},"categories":[1],"tags":[982,795,441],"class_list":["post-29681","post","type-post","status-publish","format-standard","hentry","category-noticias","tag-eco-universidade","tag-meio-ambiente-plano-ambiental","tag-sustentabilidade"],"_links":{"self":[{"href":"https:\/\/www.ufla.br\/dcom\/wp-json\/wp\/v2\/posts\/29681","targetHints":{"allow":["GET"]}}],"collection":[{"href":"https:\/\/www.ufla.br\/dcom\/wp-json\/wp\/v2\/posts"}],"about":[{"href":"https:\/\/www.ufla.br\/dcom\/wp-json\/wp\/v2\/types\/post"}],"author":[{"embeddable":true,"href":"https:\/\/www.ufla.br\/dcom\/wp-json\/wp\/v2\/users\/8"}],"replies":[{"embeddable":true,"href":"https:\/\/www.ufla.br\/dcom\/wp-json\/wp\/v2\/comments?post=29681"}],"version-history":[{"count":5,"href":"https:\/\/www.ufla.br\/dcom\/wp-json\/wp\/v2\/posts\/29681\/revisions"}],"predecessor-version":[{"id":30118,"href":"https:\/\/www.ufla.br\/dcom\/wp-json\/wp\/v2\/posts\/29681\/revisions\/30118"}],"wp:attachment":[{"href":"https:\/\/www.ufla.br\/dcom\/wp-json\/wp\/v2\/media?parent=29681"}],"wp:term":[{"taxonomy":"category","embeddable":true,"href":"https:\/\/www.ufla.br\/dcom\/wp-json\/wp\/v2\/categories?post=29681"},{"taxonomy":"post_tag","embeddable":true,"href":"https:\/\/www.ufla.br\/dcom\/wp-json\/wp\/v2\/tags?post=29681"}],"curies":[{"name":"wp","href":"https:\/\/api.w.org\/{rel}","templated":true}]}}