{"id":29348,"date":"2014-01-27T16:56:18","date_gmt":"2014-01-27T19:56:18","guid":{"rendered":"http:\/\/www.ufla.br\/ascom\/?p=29348"},"modified":"2014-01-29T07:04:26","modified_gmt":"2014-01-29T10:04:26","slug":"petis-promovem-palestras-nesta-terca-engenharia-florestal-e-computacaosistemas","status":"publish","type":"post","link":"https:\/\/www.ufla.br\/dcom\/2014\/01\/27\/petis-promovem-palestras-nesta-terca-engenharia-florestal-e-computacaosistemas\/","title":{"rendered":"PETI\u2019s promovem palestras nesta ter\u00e7a &#8211; Engenharia Florestal e Computa\u00e7\u00e3o\/Sistemas"},"content":{"rendered":"<p><img loading=\"lazy\" decoding=\"async\" class=\"alignleft size-medium wp-image-28047\" alt=\"ter\u00e7a do peti\" src=\"http:\/\/www.ufla.br\/ascom\/wp-content\/uploads\/2013\/11\/ter\u00e7a-do-peti2-249x180.jpg\" width=\"249\" height=\"180\" srcset=\"https:\/\/www.ufla.br\/dcom\/wp-content\/uploads\/2013\/11\/ter\u00e7a-do-peti2-249x180.jpg 249w, https:\/\/www.ufla.br\/dcom\/wp-content\/uploads\/2013\/11\/ter\u00e7a-do-peti2.jpg 321w\" sizes=\"auto, (max-width: 249px) 100vw, 249px\" \/>Os grupos do Programa de Educa\u00e7\u00e3o Tutorial Institucional (PETI) da Engenharia Florestal e de Computa\u00e7\u00e3o e Sistemas realizar\u00e3o palestras nesta ter\u00e7a (28\/01).<\/p>\n<p>Na\u00a0\u201cTer\u00e7a da Engenharia\u201d a palestra ser\u00e1 com o tema \u201cFragmenta\u00e7\u00e3o e\u00a0an\u00e1lise da paisagem em ecossistemas da Mata Atl\u00e2ntica\u201d, no anfiteatro do Departamento de Ci\u00eancias Florestais (DCF), \u00e0s 18h. Quem conduz o encontro \u00e9 doutorando em Engenharia Florestal da UFLA, Rossi Alan Silva. As inscri\u00e7\u00f5es podem ser feitas no site\u00a0<a href=\"http:\/\/www.eventos.proec.ufla.br\/\" target=\"_blank\">http:\/\/www.eventos.proec.ufla.br\/<\/a>,\u00a0ou na hora do evento.\u00a0As vagas s\u00e3o limitadas, com emiss\u00e3o de certificados para todos os participantes inscritos.<\/p>\n<p>J\u00e1 no anfiteatro do Departamento de Ci\u00eancia da Computa\u00e7\u00e3o (DCC) a palestra ser\u00e1 \u00e0s 17h 50. Os alunos de gradua\u00e7\u00e3o Henrique Jensen Teixeira, Ana Rosa Aparecida de Oliveira, Lucas Hil\u00e1rio da Costa, Mariana Diniz Magalh\u00e3es e Naiara Lara de Carvalho falam sobre o tema \u201cCarreiras na \u00e1rea de Tecnologia da Informa\u00e7\u00e3o (TI)\u201d. Eles v\u00e3o apresentar o resumo das melhores profiss\u00f5es na \u00e1rea de TI, com an\u00e1lise do perfil dos profissionais e dos sal\u00e1rios do mercado.<\/p>\n<h5><b>Com informa\u00e7\u00f5es das bolsistas M\u00f4nica Faria (Ascom\/DCC) e Rute Aparecida Silva (Ascom\/DCF)<\/b><\/h5>\n<p>&nbsp;<\/p>\n<p>&nbsp;<\/p>\n","protected":false},"excerpt":{"rendered":"<p>Os grupos do Programa de Educa\u00e7\u00e3o Tutorial Institucional (PETI) da Engenharia Florestal e de Computa\u00e7\u00e3o e Sistemas realizar\u00e3o palestras nesta ter\u00e7a (28\/01). Na\u00a0\u201cTer\u00e7a da Engenharia\u201d a palestra ser\u00e1 com o tema \u201cFragmenta\u00e7\u00e3o e\u00a0an\u00e1lise da paisagem em ecossistemas da Mata Atl\u00e2ntica\u201d, no anfiteatro do Departamento de Ci\u00eancias Florestais (DCF), \u00e0s 18h. Quem conduz o encontro \u00e9 &hellip; <a href=\"https:\/\/www.ufla.br\/dcom\/2014\/01\/27\/petis-promovem-palestras-nesta-terca-engenharia-florestal-e-computacaosistemas\/\" class=\"more-link\">Continue lendo <span class=\"screen-reader-text\">PETI\u2019s promovem palestras nesta ter\u00e7a &#8211; Engenharia Florestal e Computa\u00e7\u00e3o\/Sistemas<\/span> <span class=\"meta-nav\">&rarr;<\/span><\/a><\/p>\n","protected":false},"author":13,"featured_media":0,"comment_status":"closed","ping_status":"closed","sticky":false,"template":"","format":"standard","meta":{"ngg_post_thumbnail":0,"footnotes":""},"categories":[1],"tags":[959,961,596],"class_list":["post-29348","post","type-post","status-publish","format-standard","hentry","category-noticias","tag-ciencia-da-computacao","tag-engenharia-florestal","tag-pet"],"_links":{"self":[{"href":"https:\/\/www.ufla.br\/dcom\/wp-json\/wp\/v2\/posts\/29348","targetHints":{"allow":["GET"]}}],"collection":[{"href":"https:\/\/www.ufla.br\/dcom\/wp-json\/wp\/v2\/posts"}],"about":[{"href":"https:\/\/www.ufla.br\/dcom\/wp-json\/wp\/v2\/types\/post"}],"author":[{"embeddable":true,"href":"https:\/\/www.ufla.br\/dcom\/wp-json\/wp\/v2\/users\/13"}],"replies":[{"embeddable":true,"href":"https:\/\/www.ufla.br\/dcom\/wp-json\/wp\/v2\/comments?post=29348"}],"version-history":[{"count":4,"href":"https:\/\/www.ufla.br\/dcom\/wp-json\/wp\/v2\/posts\/29348\/revisions"}],"predecessor-version":[{"id":29354,"href":"https:\/\/www.ufla.br\/dcom\/wp-json\/wp\/v2\/posts\/29348\/revisions\/29354"}],"wp:attachment":[{"href":"https:\/\/www.ufla.br\/dcom\/wp-json\/wp\/v2\/media?parent=29348"}],"wp:term":[{"taxonomy":"category","embeddable":true,"href":"https:\/\/www.ufla.br\/dcom\/wp-json\/wp\/v2\/categories?post=29348"},{"taxonomy":"post_tag","embeddable":true,"href":"https:\/\/www.ufla.br\/dcom\/wp-json\/wp\/v2\/tags?post=29348"}],"curies":[{"name":"wp","href":"https:\/\/api.w.org\/{rel}","templated":true}]}}