{"id":29333,"date":"2014-01-27T08:44:53","date_gmt":"2014-01-27T11:44:53","guid":{"rendered":"http:\/\/www.ufla.br\/ascom\/?p=29333"},"modified":"2014-02-03T12:36:16","modified_gmt":"2014-02-03T15:36:16","slug":"ufla-segunda-chamada-processo-avaliacao-seriada-pas","status":"publish","type":"post","link":"https:\/\/www.ufla.br\/dcom\/2014\/01\/27\/ufla-segunda-chamada-processo-avaliacao-seriada-pas\/","title":{"rendered":"UFLA divulga segunda chamada do Processo de Avalia\u00e7\u00e3o Seriada (PAS)"},"content":{"rendered":"<p><span style=\"line-height: 1.5em;\"><a href=\"http:\/\/www.ufla.br\/ascom\/wp-content\/uploads\/2013\/10\/pasufla.jpg\"><img loading=\"lazy\" decoding=\"async\" class=\"alignleft size-medium wp-image-27111\" alt=\"pasufla\" src=\"http:\/\/www.ufla.br\/ascom\/wp-content\/uploads\/2013\/10\/pasufla-249x158.jpg\" width=\"249\" height=\"158\" srcset=\"https:\/\/www.ufla.br\/dcom\/wp-content\/uploads\/2013\/10\/pasufla-249x158.jpg 249w, https:\/\/www.ufla.br\/dcom\/wp-content\/uploads\/2013\/10\/pasufla-612x390.jpg 612w, https:\/\/www.ufla.br\/dcom\/wp-content\/uploads\/2013\/10\/pasufla.jpg 1084w\" sizes=\"auto, (max-width: 249px) 100vw, 249px\" \/><\/a>A lista de convocados no Processo de Avalia\u00e7\u00e3o Seriada da UFLA (PAS), em segunda chamada, foi divulgada no dia 27 de janeiro. <\/span><a style=\"line-height: 1.5em;\" href=\"https:\/\/www.sig.ufla.br\/modulos\/processos_seletivos_alunos\/candidatos_alunos\/acesso\/chamadas.php?cod_processo_seletivo=67&amp;chamada=2\">Nesta p\u00e1gina<\/a><span style=\"line-height: 1.5em;\">, \u00e9 poss\u00edvel visualiz\u00e1-la.\u00a0Os estudantes matriculados iniciar\u00e3o o curso no primeiro semestre letivo de 2014.<\/span><\/p>\n<p>A matr\u00edcula dessa chamada ser\u00e1 de 31 de janeiro a 4 de fevereiro. Os convocados dever\u00e3o entregar uma documenta\u00e7\u00e3o \u00e0 Diretoria de Registro e Controle Acad\u00eamico \u2013 DRCA (no Centro Administrativo da UFLA), presencialmente, das 8 \u00e0s 12 horas ou das 14 \u00e0s 18 horas. Essa documenta\u00e7\u00e3o tamb\u00e9m pode ser enviada por Sedex, de acordo com as instru\u00e7\u00f5es de matr\u00edcula (veja abaixo). A ficha-cadastro, dispon\u00edvel em\u00a0<a href=\"http:\/\/www.drca.ufla.br\/\">www.drca.ufla.br<\/a>, impressa e assinada, consta nesta documenta\u00e7\u00e3o.<\/p>\n<p><a href=\"http:\/\/www.drca.ufla.br\/Informacoes\/InstrucoesMatriculaPAS_ACon20141_1.PDF\">Veja aqui as instru\u00e7\u00f5es de matr\u00edcula para candidatos aprovados em ampla concorr\u00eancia<\/a><\/p>\n<p><a href=\"http:\/\/www.drca.ufla.br\/Informacoes\/InstrucoesMatriculaPAS_Vagas20141_1.PDF\">Veja aqui as instru\u00e7\u00f5es de matr\u00edcula para candidatos aprovados para as vagas reservadas<\/a><\/p>\n<p>A UFLA designa 40% das vagas de seus cursos de gradua\u00e7\u00e3o presenciais do primeiro semestre letivo para os candidatos do PAS, processo aplicado em tr\u00eas etapas, uma a cada final de ano do ensino m\u00e9dio.<\/p>\n<p>Nesta edi\u00e7\u00e3o, 25% das vagas de cada curso e turno foram destinadas aos candidatos que optaram pela reserva de vagas prevista na Lei n\u00ba 12.711 de 29\/8\/2012, regulamentada pelo Decreto-Lei n\u00ba 7.824 de 11\/10\/2012 e pela Portaria Normativa n\u00ba 18 de 11\/10\/2012 do Ministro de Estado da Educa\u00e7\u00e3o.<\/p>\n<p><b>Visualize a Lista de Aprovados, Lista de Espera, Relat\u00f3rio de Desempenho e Instru\u00e7\u00f5es de Matr\u00edcula:\u00a0<a href=\"http:\/\/www.copese.ufla.br\/copese\/processoDetail.asp?id=70\">http:\/\/www.copese.ufla.br\/copese\/processoDetail.asp?id=70<\/a><\/b><\/p>\n<p><b>\u00a0<\/b><\/p>\n<p><b>Informa\u00e7\u00f5es sobre a matr\u00edcula<\/b><\/p>\n<ul>\n<li><a href=\"http:\/\/www.drca.ufla.br\/\">Diretoria de Registro e Controle Acad\u00eamico<\/a><\/li>\n<li>(35) 3829-1134 \/ 5107\/1507<\/li>\n<li>Atendimento: das 8 \u00e0s 12 horas e das 14 \u00e0s 18 horas, de segunda a sexta-feira.<\/li>\n<\/ul>\n<p>&nbsp;<\/p>\n<p><b>Informa\u00e7\u00f5es sobre aproveitamento de cr\u00e9ditos e recep\u00e7\u00e3o de calouros<\/b><\/p>\n<ul>\n<li><a href=\"http:\/\/www.prg.ufla.br\/\">Pr\u00f3-Reitoria de Gradua\u00e7\u00e3o (PRG)<\/a><\/li>\n<li>(35) 3829-1113<\/li>\n<li>Atendimento: das 8 \u00e0s 22 horas, de segunda a sexta-feira.<\/li>\n<\/ul>\n<p>&nbsp;<\/p>\n<p><b>Informa\u00e7\u00f5es sobre avalia\u00e7\u00e3o socioecon\u00f4mica, Restaurante Universit\u00e1rio e Moradia Estudantil (alojamento)<\/b><\/p>\n<ul>\n<li><a href=\"http:\/\/www.praec.ufla.br\/\">Pr\u00f3-Reitoria de Assuntos Estudantis e Comunit\u00e1rios (Praec)<\/a><\/li>\n<li>(35) 3829-1582 \/ 1587<\/li>\n<li>Atendimento: das 8 \u00e0s 12 horas, de segunda a sexta-feira.<\/li>\n<\/ul>\n<p>&nbsp;<\/p>\n","protected":false},"excerpt":{"rendered":"<p>A lista de convocados no Processo de Avalia\u00e7\u00e3o Seriada da UFLA (PAS), em segunda chamada, foi divulgada no dia 27 de janeiro. Nesta p\u00e1gina, \u00e9 poss\u00edvel visualiz\u00e1-la.\u00a0Os estudantes matriculados iniciar\u00e3o o curso no primeiro semestre letivo de 2014. A matr\u00edcula dessa chamada ser\u00e1 de 31 de janeiro a 4 de fevereiro. Os convocados dever\u00e3o entregar &hellip; <a href=\"https:\/\/www.ufla.br\/dcom\/2014\/01\/27\/ufla-segunda-chamada-processo-avaliacao-seriada-pas\/\" class=\"more-link\">Continue lendo <span class=\"screen-reader-text\">UFLA divulga segunda chamada do Processo de Avalia\u00e7\u00e3o Seriada (PAS)<\/span> <span class=\"meta-nav\">&rarr;<\/span><\/a><\/p>\n","protected":false},"author":8,"featured_media":0,"comment_status":"closed","ping_status":"closed","sticky":false,"template":"","format":"standard","meta":{"ngg_post_thumbnail":0,"footnotes":""},"categories":[1,10],"tags":[935],"class_list":["post-29333","post","type-post","status-publish","format-standard","hentry","category-noticias","category-menores","tag-pas2014"],"_links":{"self":[{"href":"https:\/\/www.ufla.br\/dcom\/wp-json\/wp\/v2\/posts\/29333","targetHints":{"allow":["GET"]}}],"collection":[{"href":"https:\/\/www.ufla.br\/dcom\/wp-json\/wp\/v2\/posts"}],"about":[{"href":"https:\/\/www.ufla.br\/dcom\/wp-json\/wp\/v2\/types\/post"}],"author":[{"embeddable":true,"href":"https:\/\/www.ufla.br\/dcom\/wp-json\/wp\/v2\/users\/8"}],"replies":[{"embeddable":true,"href":"https:\/\/www.ufla.br\/dcom\/wp-json\/wp\/v2\/comments?post=29333"}],"version-history":[{"count":3,"href":"https:\/\/www.ufla.br\/dcom\/wp-json\/wp\/v2\/posts\/29333\/revisions"}],"predecessor-version":[{"id":29566,"href":"https:\/\/www.ufla.br\/dcom\/wp-json\/wp\/v2\/posts\/29333\/revisions\/29566"}],"wp:attachment":[{"href":"https:\/\/www.ufla.br\/dcom\/wp-json\/wp\/v2\/media?parent=29333"}],"wp:term":[{"taxonomy":"category","embeddable":true,"href":"https:\/\/www.ufla.br\/dcom\/wp-json\/wp\/v2\/categories?post=29333"},{"taxonomy":"post_tag","embeddable":true,"href":"https:\/\/www.ufla.br\/dcom\/wp-json\/wp\/v2\/tags?post=29333"}],"curies":[{"name":"wp","href":"https:\/\/api.w.org\/{rel}","templated":true}]}}