{"id":29253,"date":"2014-01-24T10:47:42","date_gmt":"2014-01-24T13:47:42","guid":{"rendered":"http:\/\/www.ufla.br\/ascom\/?p=29253"},"modified":"2014-01-28T14:18:56","modified_gmt":"2014-01-28T17:18:56","slug":"professora-do-dmv-participou-de-simposio-internacional-de-leishmaniose-visceral-canina","status":"publish","type":"post","link":"https:\/\/www.ufla.br\/dcom\/2014\/01\/24\/professora-do-dmv-participou-de-simposio-internacional-de-leishmaniose-visceral-canina\/","title":{"rendered":"Docente participou de Simp\u00f3sio Internacional de Leishmaniose Visceral Canina"},"content":{"rendered":"<figure id=\"attachment_29255\" aria-describedby=\"caption-attachment-29255\" style=\"width: 249px\" class=\"wp-caption alignleft\"><a href=\"http:\/\/www.ufla.br\/ascom\/wp-content\/uploads\/2014\/01\/simp\u00f3sio-leishmaniose1.jpg\"><img loading=\"lazy\" decoding=\"async\" class=\"size-medium wp-image-29255 \" alt=\"simp\u00f3sio leishmaniose1\" src=\"http:\/\/www.ufla.br\/ascom\/wp-content\/uploads\/2014\/01\/simp\u00f3sio-leishmaniose1-249x186.jpg\" width=\"249\" height=\"186\" srcset=\"https:\/\/www.ufla.br\/dcom\/wp-content\/uploads\/2014\/01\/simp\u00f3sio-leishmaniose1-249x186.jpg 249w, https:\/\/www.ufla.br\/dcom\/wp-content\/uploads\/2014\/01\/simp\u00f3sio-leishmaniose1-612x458.jpg 612w, https:\/\/www.ufla.br\/dcom\/wp-content\/uploads\/2014\/01\/simp\u00f3sio-leishmaniose1.jpg 960w\" sizes=\"auto, (max-width: 249px) 100vw, 249px\" \/><\/a><figcaption id=\"caption-attachment-29255\" class=\"wp-caption-text\">Os alunos do Biopar Alaor Reis, Thiago Pasqua, Ana Lucinda e Lidiane Lemes, com a prof\u00aa Joziana Bar\u00e7ante, prof. Sidney Magno (UFU\/Brasileish) e Maria Crisitina Botelho (Vigil\u00e2ncia Ambiental da Prefeitura Municipal de Lavras)<\/figcaption><\/figure>\n<p><span style=\"line-height: 1.5em;\">Nos dias 13, 14 e 15 de dezembro, ocorreu o X Simp\u00f3sio Internacional de Leishmaniose Visceral Canina, no espa\u00e7o de eventos da OAB, em Belo Horizonte (MG). O Departamento de Medicina Veterin\u00e1ria (<\/span><a style=\"line-height: 1.5em;\" href=\"http:\/\/www.dmv.ufla.br\/\">DMV<\/a><span style=\"line-height: 1.5em;\">) e Diretoria de Meio Ambiente da Universidade Federal de Lavras (UFLA) foram representados pela professora Joziana Muniz de Paiva Bar\u00e7ante.<\/span><\/p>\n<p>A professora coordena os trabalhos de preven\u00e7\u00e3o da Leishmaniose na UFLA e no munic\u00edpio de Lavras, em parceria com a Vigil\u00e2ncia Ambiental. Esse combate \u00e9 um dos carros-chefes da Coordenadoria de Preven\u00e7\u00e3o de Endemias e faz parte do Plano Ambiental, da Diretoria de Meio Ambiente da UFLA.<\/p>\n<p>\u201cQuando se trata de leishmaniose, o assunto \u00e9 sempre muito s\u00e9rio, pois atualmente o tratamento para a doen\u00e7a no c\u00e3o \u00e9 proibido pelo Minist\u00e9rio da Sa\u00fade, sendo a eutan\u00e1sia do animal positivo a \u00fanica medida aceita por este \u00f3rg\u00e3o. O evento discutiu protocolos e alternativas para a eutan\u00e1sia canina que s\u00e3o realizados na Europa. Foi um momento de debates e discuss\u00f5es de grande import\u00e2ncia para a ci\u00eancia\u201d, disse a professora Joziana.<\/p>\n<p>Recentemente, foram notificados os primeiros casos de Leishmaniose Visceral Canina no munic\u00edpio de Lavras, assim como o aparecimento do mosquito palha. A equipe do Laborat\u00f3rio de Biologia Parasit\u00e1ria (Biopar), em conjunto com a Coordenadoria de Preven\u00e7\u00e3o de Endemias da UFLA (Cope\/DMA) e da Vigil\u00e2ncia Ambiental, tem auxiliado os governos de Minas Gerais e Federal na implanta\u00e7\u00e3o do Programa Nacional de Controle de Leishmaniose Visceral, orientado pelo Minist\u00e9rio da Sa\u00fade.<\/p>\n<p>Campanhas sobre a posse respons\u00e1vel de animais e de cuidados com o meio ambiente s\u00e3o importantes para a manuten\u00e7\u00e3o da sa\u00fade p\u00fablica, sendo fundamental no controle do inseto.<\/p>\n<p>A Leishmaniose Visceral, conhecida como Calazar, \u00e9 uma doen\u00e7a grave que pode levar \u00e0 morte at\u00e9 90% dos humanos infectados. Ela tamb\u00e9m ataca os c\u00e3es, considerados como reservat\u00f3rios no meio urbano, e \u00e9 transmitida pela picada do mosquito palha. Dependendo da regi\u00e3o, o inseto pode ser chamado de cangalinha, asa-dura, birigui ou fleb\u00f3tomo.<\/p>\n<h5><b>Leonardo Assad \u2013 jornalista \u2013 bolsista Ascom <\/b><\/h5>\n<p>&nbsp;<\/p>\n","protected":false},"excerpt":{"rendered":"<p>Nos dias 13, 14 e 15 de dezembro, ocorreu o X Simp\u00f3sio Internacional de Leishmaniose Visceral Canina, no espa\u00e7o de eventos da OAB, em Belo Horizonte (MG). O Departamento de Medicina Veterin\u00e1ria (DMV) e Diretoria de Meio Ambiente da Universidade Federal de Lavras (UFLA) foram representados pela professora Joziana Muniz de Paiva Bar\u00e7ante. A professora &hellip; <a href=\"https:\/\/www.ufla.br\/dcom\/2014\/01\/24\/professora-do-dmv-participou-de-simposio-internacional-de-leishmaniose-visceral-canina\/\" class=\"more-link\">Continue lendo <span class=\"screen-reader-text\">Docente participou de Simp\u00f3sio Internacional de Leishmaniose Visceral Canina<\/span> <span class=\"meta-nav\">&rarr;<\/span><\/a><\/p>\n","protected":false},"author":9,"featured_media":0,"comment_status":"closed","ping_status":"closed","sticky":false,"template":"","format":"standard","meta":{"ngg_post_thumbnail":0,"footnotes":""},"categories":[1],"tags":[890],"class_list":["post-29253","post","type-post","status-publish","format-standard","hentry","category-noticias","tag-medicina-veterinaria"],"_links":{"self":[{"href":"https:\/\/www.ufla.br\/dcom\/wp-json\/wp\/v2\/posts\/29253","targetHints":{"allow":["GET"]}}],"collection":[{"href":"https:\/\/www.ufla.br\/dcom\/wp-json\/wp\/v2\/posts"}],"about":[{"href":"https:\/\/www.ufla.br\/dcom\/wp-json\/wp\/v2\/types\/post"}],"author":[{"embeddable":true,"href":"https:\/\/www.ufla.br\/dcom\/wp-json\/wp\/v2\/users\/9"}],"replies":[{"embeddable":true,"href":"https:\/\/www.ufla.br\/dcom\/wp-json\/wp\/v2\/comments?post=29253"}],"version-history":[{"count":3,"href":"https:\/\/www.ufla.br\/dcom\/wp-json\/wp\/v2\/posts\/29253\/revisions"}],"predecessor-version":[{"id":29258,"href":"https:\/\/www.ufla.br\/dcom\/wp-json\/wp\/v2\/posts\/29253\/revisions\/29258"}],"wp:attachment":[{"href":"https:\/\/www.ufla.br\/dcom\/wp-json\/wp\/v2\/media?parent=29253"}],"wp:term":[{"taxonomy":"category","embeddable":true,"href":"https:\/\/www.ufla.br\/dcom\/wp-json\/wp\/v2\/categories?post=29253"},{"taxonomy":"post_tag","embeddable":true,"href":"https:\/\/www.ufla.br\/dcom\/wp-json\/wp\/v2\/tags?post=29253"}],"curies":[{"name":"wp","href":"https:\/\/api.w.org\/{rel}","templated":true}]}}