{"id":29145,"date":"2014-01-21T15:39:32","date_gmt":"2014-01-21T18:39:32","guid":{"rendered":"http:\/\/www.ufla.br\/ascom\/?p=29145"},"modified":"2014-01-22T13:49:09","modified_gmt":"2014-01-22T16:49:09","slug":"grupos-peti-promoverao-hoje-o-seminario-carreiras-na-area-de-ti-e-a-palestra-manejo-sustentavel-de-candeia","status":"publish","type":"post","link":"https:\/\/www.ufla.br\/dcom\/2014\/01\/21\/grupos-peti-promoverao-hoje-o-seminario-carreiras-na-area-de-ti-e-a-palestra-manejo-sustentavel-de-candeia\/","title":{"rendered":"Grupos PETI promover\u00e3o hoje o semin\u00e1rio \u201cCarreiras na \u00c1rea de TI\u201d e a palestra \u201cManejo Sustent\u00e1vel de Candeia\u201d"},"content":{"rendered":"<p><a href=\"http:\/\/www.ufla.br\/ascom\/wp-content\/uploads\/2013\/11\/ter\u00e7a-do-peti2.jpg\"><img loading=\"lazy\" decoding=\"async\" class=\"alignleft size-medium wp-image-28047\" alt=\"ter\u00e7a do peti\" src=\"http:\/\/www.ufla.br\/ascom\/wp-content\/uploads\/2013\/11\/ter\u00e7a-do-peti2-249x180.jpg\" width=\"249\" height=\"180\" srcset=\"https:\/\/www.ufla.br\/dcom\/wp-content\/uploads\/2013\/11\/ter\u00e7a-do-peti2-249x180.jpg 249w, https:\/\/www.ufla.br\/dcom\/wp-content\/uploads\/2013\/11\/ter\u00e7a-do-peti2.jpg 321w\" sizes=\"auto, (max-width: 249px) 100vw, 249px\" \/><\/a>O Grupo PETI de Computa\u00e7\u00e3o e Sistemas promover\u00e1 hoje (21\/01), \u00e0s 17h50, o semin\u00e1rio \u201cCarreiras na \u00c1rea de TI\u201d, no Anfiteatro do Departamento de Ci\u00eancias da Computa\u00e7\u00e3o (DCC). Podem participar alunos da gradua\u00e7\u00e3o, p\u00f3s-gradua\u00e7\u00e3o, professores, pesquisadores e demais interessados.<\/p>\n<p>Ser\u00e3o abordados temas referentes \u00e0s melhores profiss\u00f5es de 2013 na \u00e1rea de Tecnologia da Informa\u00e7\u00e3o, an\u00e1lise do perfil profissional e quest\u00f5es salariais.<\/p>\n<p>A apresenta\u00e7\u00e3o ficar\u00e1 por conta da Ana Rosa Aparecida de Oliveira, Henrique Jensen Teixeira, Lucas Hil\u00e1rio da Costa, Mariana Diniz Magalh\u00e3es e Naiara Laila Carvalho.<\/p>\n<p><b>Ter\u00e7a do PETI<\/b><\/p>\n<p>Hoje tamb\u00e9m ocorrer\u00e1 a palestra sobre \u201cManejo Sustent\u00e1vel de Candeia\u201d, organizado pelo Grupo PETI de Engenharia Florestal, \u00e0s 18 horas, no Anfiteatro do Departamento de Ci\u00eancias Florestais (DCF).<\/p>\n<p>Os interessados devem fazer a inscri\u00e7\u00e3o no site <a href=\"http:\/\/www.eventos.proec.ufla.br\/\">www.eventos.proec.ufla.br<\/a> ou na hora do evento. As vagas s\u00e3o limitadas.<\/p>\n<h5>Leonardo Assad &#8211; jornalista &#8211; bolsista Ascom. Com informa\u00e7\u00f5es de M\u00f4nica Faria (Ascom\/DCC) e Rute Aparecida da Silva.<\/h5>\n<p>&nbsp;<\/p>\n","protected":false},"excerpt":{"rendered":"<p>O Grupo PETI de Computa\u00e7\u00e3o e Sistemas promover\u00e1 hoje (21\/01), \u00e0s 17h50, o semin\u00e1rio \u201cCarreiras na \u00c1rea de TI\u201d, no Anfiteatro do Departamento de Ci\u00eancias da Computa\u00e7\u00e3o (DCC). Podem participar alunos da gradua\u00e7\u00e3o, p\u00f3s-gradua\u00e7\u00e3o, professores, pesquisadores e demais interessados. Ser\u00e3o abordados temas referentes \u00e0s melhores profiss\u00f5es de 2013 na \u00e1rea de Tecnologia da Informa\u00e7\u00e3o, an\u00e1lise &hellip; <a href=\"https:\/\/www.ufla.br\/dcom\/2014\/01\/21\/grupos-peti-promoverao-hoje-o-seminario-carreiras-na-area-de-ti-e-a-palestra-manejo-sustentavel-de-candeia\/\" class=\"more-link\">Continue lendo <span class=\"screen-reader-text\">Grupos PETI promover\u00e3o hoje o semin\u00e1rio \u201cCarreiras na \u00c1rea de TI\u201d e a palestra \u201cManejo Sustent\u00e1vel de Candeia\u201d<\/span> <span class=\"meta-nav\">&rarr;<\/span><\/a><\/p>\n","protected":false},"author":11,"featured_media":0,"comment_status":"closed","ping_status":"closed","sticky":false,"template":"","format":"standard","meta":{"ngg_post_thumbnail":0,"footnotes":""},"categories":[1],"tags":[924],"class_list":["post-29145","post","type-post","status-publish","format-standard","hentry","category-noticias","tag-peti"],"_links":{"self":[{"href":"https:\/\/www.ufla.br\/dcom\/wp-json\/wp\/v2\/posts\/29145","targetHints":{"allow":["GET"]}}],"collection":[{"href":"https:\/\/www.ufla.br\/dcom\/wp-json\/wp\/v2\/posts"}],"about":[{"href":"https:\/\/www.ufla.br\/dcom\/wp-json\/wp\/v2\/types\/post"}],"author":[{"embeddable":true,"href":"https:\/\/www.ufla.br\/dcom\/wp-json\/wp\/v2\/users\/11"}],"replies":[{"embeddable":true,"href":"https:\/\/www.ufla.br\/dcom\/wp-json\/wp\/v2\/comments?post=29145"}],"version-history":[{"count":3,"href":"https:\/\/www.ufla.br\/dcom\/wp-json\/wp\/v2\/posts\/29145\/revisions"}],"predecessor-version":[{"id":29149,"href":"https:\/\/www.ufla.br\/dcom\/wp-json\/wp\/v2\/posts\/29145\/revisions\/29149"}],"wp:attachment":[{"href":"https:\/\/www.ufla.br\/dcom\/wp-json\/wp\/v2\/media?parent=29145"}],"wp:term":[{"taxonomy":"category","embeddable":true,"href":"https:\/\/www.ufla.br\/dcom\/wp-json\/wp\/v2\/categories?post=29145"},{"taxonomy":"post_tag","embeddable":true,"href":"https:\/\/www.ufla.br\/dcom\/wp-json\/wp\/v2\/tags?post=29145"}],"curies":[{"name":"wp","href":"https:\/\/api.w.org\/{rel}","templated":true}]}}