{"id":28184,"date":"2013-11-21T08:50:25","date_gmt":"2013-11-21T11:50:25","guid":{"rendered":"http:\/\/www.ufla.br\/ascom\/?p=28184"},"modified":"2013-11-25T13:56:20","modified_gmt":"2013-11-25T16:56:20","slug":"docentes-podem-se-inscrever-para-concorrer-a-composicao-da-cpa","status":"publish","type":"post","link":"https:\/\/www.ufla.br\/dcom\/2013\/11\/21\/docentes-podem-se-inscrever-para-concorrer-a-composicao-da-cpa\/","title":{"rendered":"Docentes podem se inscrever para concorrer \u00e0 composi\u00e7\u00e3o da CPA"},"content":{"rendered":"<p><a href=\"http:\/\/www.ufla.br\/ascom\/wp-content\/uploads\/2012\/09\/11.09-CPA.jpg\"><img loading=\"lazy\" decoding=\"async\" class=\"alignleft size-medium wp-image-14070\" alt=\"\" src=\"http:\/\/www.ufla.br\/ascom\/wp-content\/uploads\/2012\/09\/11.09-CPA-249x184.jpg\" width=\"249\" height=\"184\" srcset=\"https:\/\/www.ufla.br\/dcom\/wp-content\/uploads\/2012\/09\/11.09-CPA-249x184.jpg 249w, https:\/\/www.ufla.br\/dcom\/wp-content\/uploads\/2012\/09\/11.09-CPA.jpg 300w\" sizes=\"auto, (max-width: 249px) 100vw, 249px\" \/><\/a>A elei\u00e7\u00e3o para um membro titular e outro suplente (ambos docentes) para a Comiss\u00e3o Pr\u00f3pria de Avalia\u00e7\u00e3o (CPA) ser\u00e1 realizada no dia 5 de dezembro, no Sal\u00e3o dos Conselhos da Reitoria, das 8 horas \u00e0s 17 horas. At\u00e9 o dia 4\/12, os professores poder\u00e3o se candidatar \u00e0s vagas, compromissando-se a aceitar a investidura. A inscri\u00e7\u00e3o deve ser feita na Secretaria da Reitoria at\u00e9 as 17 horas.<\/p>\n<p>A elei\u00e7\u00e3o ser\u00e1 realizada por escrut\u00ednio secreto. Cada eleitor poder\u00e1 votar apenas uma vez, pessoalmente, e em apenas um nome para o cargo. O mandato dos membros eleitos ser\u00e1 de dois anos, sendo permitida uma recondu\u00e7\u00e3o.<\/p>\n<p><a href=\"http:\/\/www.ufla.br\/ascom\/wp-content\/uploads\/2013\/11\/EDITAL-CPA-2013-2.pdf\">Acesse o edital da elei\u00e7\u00e3o aqui<\/a>.<\/p>\n<p>A CPA \u00e9 composta por membros docentes, servidores t\u00e9cnicos administrativos, estudantes de gradua\u00e7\u00e3o e p\u00f3s-gradua\u00e7\u00e3o e representantes da sociedade civil externa \u00e0 UFLA. Ela \u00e9 respons\u00e1vel por elaborar relat\u00f3rios de autoavalia\u00e7\u00e3o, considerando as diferentes dimens\u00f5es em que a Universidade atua. Saiba mais em:\u00a0<a href=\"http:\/\/www.cpa.ufla.br\/\">www.cpa.ufla.br<\/a>.<\/p>\n<p>&nbsp;<\/p>\n","protected":false},"excerpt":{"rendered":"<p>A elei\u00e7\u00e3o para um membro titular e outro suplente (ambos docentes) para a Comiss\u00e3o Pr\u00f3pria de Avalia\u00e7\u00e3o (CPA) ser\u00e1 realizada no dia 5 de dezembro, no Sal\u00e3o dos Conselhos da Reitoria, das 8 horas \u00e0s 17 horas. At\u00e9 o dia 4\/12, os professores poder\u00e3o se candidatar \u00e0s vagas, compromissando-se a aceitar a investidura. A inscri\u00e7\u00e3o &hellip; <a href=\"https:\/\/www.ufla.br\/dcom\/2013\/11\/21\/docentes-podem-se-inscrever-para-concorrer-a-composicao-da-cpa\/\" class=\"more-link\">Continue lendo <span class=\"screen-reader-text\">Docentes podem se inscrever para concorrer \u00e0 composi\u00e7\u00e3o da CPA<\/span> <span class=\"meta-nav\">&rarr;<\/span><\/a><\/p>\n","protected":false},"author":8,"featured_media":0,"comment_status":"closed","ping_status":"closed","sticky":false,"template":"","format":"standard","meta":{"ngg_post_thumbnail":0,"footnotes":""},"categories":[1,10],"tags":[229],"class_list":["post-28184","post","type-post","status-publish","format-standard","hentry","category-noticias","category-menores","tag-cpa"],"_links":{"self":[{"href":"https:\/\/www.ufla.br\/dcom\/wp-json\/wp\/v2\/posts\/28184","targetHints":{"allow":["GET"]}}],"collection":[{"href":"https:\/\/www.ufla.br\/dcom\/wp-json\/wp\/v2\/posts"}],"about":[{"href":"https:\/\/www.ufla.br\/dcom\/wp-json\/wp\/v2\/types\/post"}],"author":[{"embeddable":true,"href":"https:\/\/www.ufla.br\/dcom\/wp-json\/wp\/v2\/users\/8"}],"replies":[{"embeddable":true,"href":"https:\/\/www.ufla.br\/dcom\/wp-json\/wp\/v2\/comments?post=28184"}],"version-history":[{"count":3,"href":"https:\/\/www.ufla.br\/dcom\/wp-json\/wp\/v2\/posts\/28184\/revisions"}],"predecessor-version":[{"id":28191,"href":"https:\/\/www.ufla.br\/dcom\/wp-json\/wp\/v2\/posts\/28184\/revisions\/28191"}],"wp:attachment":[{"href":"https:\/\/www.ufla.br\/dcom\/wp-json\/wp\/v2\/media?parent=28184"}],"wp:term":[{"taxonomy":"category","embeddable":true,"href":"https:\/\/www.ufla.br\/dcom\/wp-json\/wp\/v2\/categories?post=28184"},{"taxonomy":"post_tag","embeddable":true,"href":"https:\/\/www.ufla.br\/dcom\/wp-json\/wp\/v2\/tags?post=28184"}],"curies":[{"name":"wp","href":"https:\/\/api.w.org\/{rel}","templated":true}]}}