{"id":2812,"date":"2010-06-18T11:28:00","date_gmt":"2010-06-18T11:28:00","guid":{"rendered":"http:\/\/www.ascom.ufla.br\/site\/index.php\/2010\/06\/ufla-e-parceira-do-programa-de-producao-e-uso-de-biodiesel\/"},"modified":"2010-06-18T11:28:00","modified_gmt":"2010-06-18T11:28:00","slug":"ufla-e-parceira-do-programa-de-producao-e-uso-de-biodiesel","status":"publish","type":"post","link":"https:\/\/www.ufla.br\/dcom\/2010\/06\/18\/ufla-e-parceira-do-programa-de-producao-e-uso-de-biodiesel\/","title":{"rendered":"Ufla \u00e9 parceira do Programa de Produ\u00e7\u00e3o e Uso de Biodiesel"},"content":{"rendered":"<p>\n<meta content='text\/html; charset=utf-8' http-equiv='Content-Type' \/><br \/>\n<meta content='Word.Document' name='ProgId' \/><br \/>\n<meta content='Microsoft Word 11' name='Generator' \/><br \/>\n<meta content='Microsoft Word 11' name='Originator' \/><\/p>\n<link href='file:\/\/\/C:%5CDOCUME%7E1%5CADMINI%7E1%5CCONFIG%7E1%5CTemp%5Cmsohtml1%5C01%5Cclip_filelist.xml' rel='File-List' \/>\n<p>\n<!--[if gte mso 9]><xml>\n\n\n  Normal<br \/>\n  0<br \/>\n  21\n\n\n  <br \/>\n  false<br \/>\n  false<br \/>\n  false\n\n\n   \n\n\n   \n\n\n   \n\n\n  MicrosoftInternetExplorer4\n\n\n<\/xml><![endif]--><!--[if gte mso 9]><![endif]--><\/p>\n<p><style type='text\/css'>\n<!--\n \/* Font Definitions *\/\n @font-face\n\t{\n\tpanose-1:2 3 6 0 0 1 1 1 1 1;}\n@font-face\n\t{'\\@Batang';\n\tpanose-1:0 0 0 0 0 0 0 0 0 0;}\n \/* Style Definitions *\/\n p.MsoNormal, li.MsoNormal, div.MsoNormal\n\t{mso-style-parent:'';\n\tmargin:0cm;\n\tmargin-bottom:.0001pt;\n\tfont-size:12.0pt;'Times New Roman';}\n@page Section1\n\t{size:595.3pt 841.9pt;\n\tmargin:70.85pt 3.0cm 70.85pt 3.0cm;}\ndiv.Section1\n\t{page:Section1;}\n-->\n<\/style>\n<\/p>\n<p>\n<!--[if gte mso 10]><\/p>\n\n\n\n\n<style>\n \/* Style Definitions *\/\n table.MsoNormalTable\n\t{mso-style-name:'Tabela normal';\n\tmso-style-parent:'';\n\tfont-size:10.0pt;'Times New Roman';}\n<\/style>\n\n\n\n\n<p>\n<![endif]--><\/p>\n<p>A Ufla se fez presente em um importante encontro realizado em Bras&iacute;lia, nos dias 16 e 17 de junho, que reuniu importantes institui&ccedil;&otilde;es envolvidas no desenvolvimento e inova&ccedil;&atilde;o para consolidar a pinh&atilde;o-manso (Jatropha Curcas L.) como uma das esp&eacute;cies para atender ao Programa Nacional de Produ&ccedil;&atilde;o e Uso de Biodiesel. Durante a reuni&atilde;o, promovida pela Embrapa Agroenergia, vinculada ao Minist&eacute;rio da Agricultura, Pecu&aacute;ria e Abastecimento, foi lan&ccedil;ado o Projeto &ldquo;BRJATROPHA&rdquo;, com recursos da Financiadora de Estudos e Projetos &ndash; Finep\/MCT.<\/p>\n<\/p>\n<div>\nNo evento, os representantes de cada uma das institui&ccedil;&otilde;es envolvidas no projeto apresentaram seus planos de a&ccedil;&atilde;o para atender as metas. &ldquo;Em tr&ecirc;s anos, ser&atilde;o desenvolvidas pesquisas em todas as regi&otilde;es brasileiras, desde a parte agron&ocirc;mica, a produ&ccedil;&atilde;o do biodiesel e a destoxifica&ccedil;&atilde;o da torta do pinh&atilde;o-manso&rdquo;, afirma Bruno Laviola, pesquisador da Embrapa Agroenergia e l&iacute;der do Projeto BRJATROPHA.<\/div>\n<\/p>\n<div>\nA Ufla &eacute; a &uacute;nica institui&ccedil;&atilde;o de ensino do estado a participar do projeto. A frente dos trabalhos, o professor Pedro Castro Neto explica que a Universidade ter&aacute; como meta a resolu&ccedil;&atilde;o de problemas associados aos processos de colheita mecanizada e semi-mecanizada, bem como p&oacute;s-colheita e armazenamento de frutos e gr&atilde;os de pinh&atilde;o-manso relacionados ao rendimento industrial e qualidade de &oacute;leo para o biodiesel.<\/div>\n<\/p>\n<div>\nO pesquisador da Embrapa Agropecu&aacute;ria Oeste, C&eacute;sar Jos&eacute; da Silva, adianta que as a&ccedil;&otilde;es dentro do Projeto no estado do Mato Grosso do Sul ser&atilde;o direcionadas na &aacute;rea de aduba&ccedil;&atilde;o, coleta e caracteriza&ccedil;&atilde;o de germoplasma. &ldquo;O projeto vem para focar em atividades, em fatores limitantes para o desenvolvimento da cultura no MS, com objetivo no manejo integrado de pragas e doen&ccedil;as, desenvolvimento de t&eacute;cnicas de manejo como poda, espa&ccedil;amento e recomenda&ccedil;&atilde;o de aduba&ccedil;&atilde;o, visando &agrave; melhor efici&ecirc;ncia do sistema de produ&ccedil;&atilde;o no intuito que o produtor venha a ter lucro&rdquo;, salienta C&eacute;sar.<\/div>\n<\/p>\n<div>\nNa regi&atilde;o Sul, o pesquisador da Embrapa Clima Temperado, S&eacute;rgio Delmar, refor&ccedil;a que a esp&eacute;cie esta em fase de domestica&ccedil;&atilde;o, sendo importante os trabalhos com biologia floral e caracteriza&ccedil;&atilde;o da variabilidade. &ldquo;Fazemos coleta no Estado e estudos de variabilidade com materiais dessa e de outras regi&otilde;es do Brasil introduzidos no Rio Grande do Sul&rdquo;, diz. A preocupa&ccedil;&atilde;o &eacute; a avalia&ccedil;&atilde;o agron&ocirc;mica e molecular, utilizando a t&eacute;cnica de microssat&eacute;lite. &ldquo;Temos tamb&eacute;m o objetivo de conservar o material gen&eacute;tico, diagnosticar pragas e doen&ccedil;as e desenvolver o controle biol&oacute;gico&rdquo;, completa.<\/div>\n<\/p>\n<div>&nbsp;<\/p>\n<p>S&atilde;o 23 institui&ccedil;&otilde;es envolvidas do Programa, sendo elas 17 unidades da Embrapa (Agroenergia, Solos, Florestas, Milho e Sorgo, Gado e Leite, Agroind&uacute;stria de Alimentos, Cerrados, Clima Temperado, Agropecu&aacute;ria Oeste, Soja, Semi-&Aacute;rido, Algod&atilde;o, Recursos Gen&eacute;ticos e Biotecnologia, Rond&ocirc;nia, Inform&aacute;tica Agropecu&aacute;ria e Meio Norte), cinco universidades (Federal do Paran&aacute;, Estadual do Norte Fluminense, Federal de Lavras, Universidade de Bras&iacute;lia e Federal do Tocantins) e a Empresa de Pesquisa Agropecu&aacute;ria de Minas Gerais (Epamig).<\/p><\/div>\n<\/p>\n<div>&nbsp;<\/div>\n<\/p>\n<div><em>*Com informa&ccedil;&otilde;es da Embrapa Agroenergia<\/em><\/div>\n","protected":false},"excerpt":{"rendered":"<p>A Ufla se fez presente em um importante encontro realizado em Bras&iacute;lia, nos dias 16 e 17 de junho, que reuniu importantes institui&ccedil;&otilde;es envolvidas no desenvolvimento e inova&ccedil;&atilde;o para consolidar a pinh&atilde;o-manso (Jatropha Curcas L.) como uma das esp&eacute;cies para atender ao Programa Nacional de Produ&ccedil;&atilde;o e Uso de Biodiesel. Durante a reuni&atilde;o, promovida pela &hellip; <a href=\"https:\/\/www.ufla.br\/dcom\/2010\/06\/18\/ufla-e-parceira-do-programa-de-producao-e-uso-de-biodiesel\/\" class=\"more-link\">Continue lendo <span class=\"screen-reader-text\">Ufla \u00e9 parceira do Programa de Produ\u00e7\u00e3o e Uso de Biodiesel<\/span> <span class=\"meta-nav\">&rarr;<\/span><\/a><\/p>\n","protected":false},"author":9,"featured_media":0,"comment_status":"open","ping_status":"open","sticky":false,"template":"","format":"standard","meta":{"ngg_post_thumbnail":0,"footnotes":""},"categories":[1],"tags":[],"class_list":["post-2812","post","type-post","status-publish","format-standard","hentry","category-noticias"],"_links":{"self":[{"href":"https:\/\/www.ufla.br\/dcom\/wp-json\/wp\/v2\/posts\/2812","targetHints":{"allow":["GET"]}}],"collection":[{"href":"https:\/\/www.ufla.br\/dcom\/wp-json\/wp\/v2\/posts"}],"about":[{"href":"https:\/\/www.ufla.br\/dcom\/wp-json\/wp\/v2\/types\/post"}],"author":[{"embeddable":true,"href":"https:\/\/www.ufla.br\/dcom\/wp-json\/wp\/v2\/users\/9"}],"replies":[{"embeddable":true,"href":"https:\/\/www.ufla.br\/dcom\/wp-json\/wp\/v2\/comments?post=2812"}],"version-history":[{"count":0,"href":"https:\/\/www.ufla.br\/dcom\/wp-json\/wp\/v2\/posts\/2812\/revisions"}],"wp:attachment":[{"href":"https:\/\/www.ufla.br\/dcom\/wp-json\/wp\/v2\/media?parent=2812"}],"wp:term":[{"taxonomy":"category","embeddable":true,"href":"https:\/\/www.ufla.br\/dcom\/wp-json\/wp\/v2\/categories?post=2812"},{"taxonomy":"post_tag","embeddable":true,"href":"https:\/\/www.ufla.br\/dcom\/wp-json\/wp\/v2\/tags?post=2812"}],"curies":[{"name":"wp","href":"https:\/\/api.w.org\/{rel}","templated":true}]}}