{"id":27372,"date":"2013-10-29T14:05:46","date_gmt":"2013-10-29T17:05:46","guid":{"rendered":"http:\/\/www.ufla.br\/ascom\/?p=27372"},"modified":"2013-10-31T17:26:06","modified_gmt":"2013-10-31T20:26:06","slug":"aprenda-espanhol-ufla-curso-projetado-estudantes-oferecido-novembro","status":"publish","type":"post","link":"https:\/\/www.ufla.br\/dcom\/2013\/10\/29\/aprenda-espanhol-ufla-curso-projetado-estudantes-oferecido-novembro\/","title":{"rendered":"Aprenda espanhol na UFLA \u2013 curso projetado para estudantes ser\u00e1 oferecido em novembro"},"content":{"rendered":"<p><a href=\"http:\/\/www.ufla.br\/ascom\/wp-content\/uploads\/2013\/10\/Espanha-Brasil.jpg\"><img loading=\"lazy\" decoding=\"async\" class=\"alignleft size-medium wp-image-27374\" alt=\"\" src=\"http:\/\/www.ufla.br\/ascom\/wp-content\/uploads\/2013\/10\/Espanha-Brasil-249x184.jpg\" width=\"249\" height=\"184\" srcset=\"https:\/\/www.ufla.br\/dcom\/wp-content\/uploads\/2013\/10\/Espanha-Brasil-249x184.jpg 249w, https:\/\/www.ufla.br\/dcom\/wp-content\/uploads\/2013\/10\/Espanha-Brasil.jpg 570w\" sizes=\"auto, (max-width: 249px) 100vw, 249px\" \/><\/a>No dia 4 de\u00a0novembro, ter\u00e1 in\u00edcio o curso Espanhol na UFLA: Ferramenta para Atua\u00e7\u00e3o Acad\u00eamica, especialmente projetado para preparar estudantes de gradua\u00e7\u00e3o e p\u00f3s-gradua\u00e7\u00e3o interessados em fazer interc\u00e2mbio em pa\u00edses de l\u00edngua espanhola. As aulas ser\u00e3o realizadas nas segundas e quartas-feiras, das 17 horas \u00e0s 18h30, na sala 17 do Pavilh\u00e3o de Aulas 6.<\/p>\n<p>As inscri\u00e7\u00f5es est\u00e3o abertas na Secretaria da Pr\u00f3-Reitoria de Extens\u00e3o e Cultura; h\u00e1 20 vagas dispon\u00edveis, tanto para a comunidade interna quanto externa. O professor \u00e9 o graduando Symon Sales Souto, do curso de Filosofia, que tem ampla viv\u00eancia na Argentina.<\/p>\n<p>Espanhol \u00e9 apenas a primeira l\u00edngua adicional a ser ofertada por meio do projeto de extens\u00e3o \u201cEnsino de L\u00ednguas Adicionais para Fins Espec\u00edficos\u201d, sob a orienta\u00e7\u00e3o da professora Tania Romero (<a href=\"http:\/\/www.dch.ufla.br\/\">DCH<\/a>): \u201cOutras l\u00ednguas adicionais ser\u00e3o ofertadas no pr\u00f3ximo semestre, como parte das a\u00e7\u00f5es para o processo de internacionaliza\u00e7\u00e3o da UFLA, com o qual queremos colaborar\u201d, explica a docente.<\/p>\n<p>Um curso de Portugu\u00eas como L\u00edngua Estrangeira (PLE) j\u00e1 est\u00e1 em sua fase piloto, com aulas atualmente sendo ofertadas para um casal de iranianos que desenvolvem pesquisa no Departamento de Ci\u00eancias Florestais (<a href=\"http:\/\/www.dcf.ufla.br\/\">DCF<\/a>). \u00a0A pr\u00f3xima etapa \u00e9 oferecer o PLE para os demais alunos estrangeiros que estudam na UFLA. \u00a0Franc\u00eas dever\u00e1 ser a terceira l\u00edngua adicional a fazer parte do projeto, de acordo com a professora Tania.<\/p>\n<p>&nbsp;<\/p>\n","protected":false},"excerpt":{"rendered":"<p>No dia 4 de\u00a0novembro, ter\u00e1 in\u00edcio o curso Espanhol na UFLA: Ferramenta para Atua\u00e7\u00e3o Acad\u00eamica, especialmente projetado para preparar estudantes de gradua\u00e7\u00e3o e p\u00f3s-gradua\u00e7\u00e3o interessados em fazer interc\u00e2mbio em pa\u00edses de l\u00edngua espanhola. As aulas ser\u00e3o realizadas nas segundas e quartas-feiras, das 17 horas \u00e0s 18h30, na sala 17 do Pavilh\u00e3o de Aulas 6. As &hellip; <a href=\"https:\/\/www.ufla.br\/dcom\/2013\/10\/29\/aprenda-espanhol-ufla-curso-projetado-estudantes-oferecido-novembro\/\" class=\"more-link\">Continue lendo <span class=\"screen-reader-text\">Aprenda espanhol na UFLA \u2013 curso projetado para estudantes ser\u00e1 oferecido em novembro<\/span> <span class=\"meta-nav\">&rarr;<\/span><\/a><\/p>\n","protected":false},"author":8,"featured_media":0,"comment_status":"closed","ping_status":"closed","sticky":false,"template":"","format":"standard","meta":{"ngg_post_thumbnail":0,"footnotes":""},"categories":[1,10],"tags":[432],"class_list":["post-27372","post","type-post","status-publish","format-standard","hentry","category-noticias","category-menores","tag-internacionalizacao"],"_links":{"self":[{"href":"https:\/\/www.ufla.br\/dcom\/wp-json\/wp\/v2\/posts\/27372","targetHints":{"allow":["GET"]}}],"collection":[{"href":"https:\/\/www.ufla.br\/dcom\/wp-json\/wp\/v2\/posts"}],"about":[{"href":"https:\/\/www.ufla.br\/dcom\/wp-json\/wp\/v2\/types\/post"}],"author":[{"embeddable":true,"href":"https:\/\/www.ufla.br\/dcom\/wp-json\/wp\/v2\/users\/8"}],"replies":[{"embeddable":true,"href":"https:\/\/www.ufla.br\/dcom\/wp-json\/wp\/v2\/comments?post=27372"}],"version-history":[{"count":3,"href":"https:\/\/www.ufla.br\/dcom\/wp-json\/wp\/v2\/posts\/27372\/revisions"}],"predecessor-version":[{"id":27477,"href":"https:\/\/www.ufla.br\/dcom\/wp-json\/wp\/v2\/posts\/27372\/revisions\/27477"}],"wp:attachment":[{"href":"https:\/\/www.ufla.br\/dcom\/wp-json\/wp\/v2\/media?parent=27372"}],"wp:term":[{"taxonomy":"category","embeddable":true,"href":"https:\/\/www.ufla.br\/dcom\/wp-json\/wp\/v2\/categories?post=27372"},{"taxonomy":"post_tag","embeddable":true,"href":"https:\/\/www.ufla.br\/dcom\/wp-json\/wp\/v2\/tags?post=27372"}],"curies":[{"name":"wp","href":"https:\/\/api.w.org\/{rel}","templated":true}]}}