{"id":27247,"date":"2013-10-24T15:00:16","date_gmt":"2013-10-24T18:00:16","guid":{"rendered":"http:\/\/www.ufla.br\/ascom\/?p=27247"},"modified":"2013-10-28T10:49:12","modified_gmt":"2013-10-28T13:49:12","slug":"festa-das-estrelas-apresenta-as-100-maiores-descobertas-da-historia-participe-e-visualize-o-ceu-de-lavras-com-telescopio","status":"publish","type":"post","link":"https:\/\/www.ufla.br\/dcom\/2013\/10\/24\/festa-das-estrelas-apresenta-as-100-maiores-descobertas-da-historia-participe-e-visualize-o-ceu-de-lavras-com-telescopio\/","title":{"rendered":"&#8220;Festa das Estrelas&#8221; apresenta as 100 maiores descobertas da hist\u00f3ria \u2013 participe e visualize o c\u00e9u de Lavras com telesc\u00f3pio"},"content":{"rendered":"<p><a href=\"http:\/\/www.ufla.br\/ascom\/wp-content\/uploads\/2013\/10\/24.10-festa-das-estrelas.jpg\"><img loading=\"lazy\" decoding=\"async\" class=\"alignleft size-medium wp-image-27249\" alt=\"24.10 festa das estrelas\" src=\"http:\/\/www.ufla.br\/ascom\/wp-content\/uploads\/2013\/10\/24.10-festa-das-estrelas-249x205.jpg\" width=\"249\" height=\"205\" srcset=\"https:\/\/www.ufla.br\/dcom\/wp-content\/uploads\/2013\/10\/24.10-festa-das-estrelas-249x205.jpg 249w, https:\/\/www.ufla.br\/dcom\/wp-content\/uploads\/2013\/10\/24.10-festa-das-estrelas.jpg 419w\" sizes=\"auto, (max-width: 249px) 100vw, 249px\" \/><\/a>Nesta s\u00e1bado (26), o projeto \u201cFesta das Estrelas\u201d apresenta a o document\u00e1rio \u201cAs 100 maiores descobertas da hist\u00f3ria\u201d, \u00e0s 18 horas, no Museu de Hist\u00f3ria Natural (MHN), c\u00e2mpus hist\u00f3rico da UFLA. O projeto, promovido pelo grupo \u201cA Magia da F\u00edsica e do Universo\u201d, inclui a exibi\u00e7\u00e3o do document\u00e1rio, debate sobre o tema e visualiza\u00e7\u00e3o do c\u00e9u por meio de telesc\u00f3pios. O evento \u00e9 aberto \u00e0 comunidade.<\/p>\n<p><b>Confira a programa\u00e7\u00e3o dos pr\u00f3ximos eventos<\/b><\/p>\n<p><b>2\/11 Carl Sagan: Cosmos 3 &#8211; A Harmonia dos Mundos<\/b><\/p>\n<p>Da fascinante jornada humana desde os primeiros estudos astron\u00f4micos das antigas civiliza\u00e7\u00f5es at\u00e9 os mais modernos exploradores do Cosmos, surgiu uma pseudoci\u00eancia chamada astrologia. O \u00faltimo grande astr\u00f3logo cient\u00edfico tamb\u00e9m foi o primeiro astr\u00f4nomo moderno: Johanne Kepler. Ele buscava a harmonia das estrelas e fez um importante avan\u00e7o rumo \u00e0 era da ci\u00eancia&#8230;<\/p>\n<p><b>9\/11 Viagem aos Limites do Universo<\/b><\/p>\n<p>Ele vai das pegadas que Neil Armstrong deixou na Lua at\u00e9 os confins do universo. O caminho \u00e9 longo e empolgante, ultrapassando milhares de anos-luz de dist\u00e2ncia, onde nuvens de g\u00e1s d\u00e3o origem a estrelas e planetas que, quem sabe, podem abrigar outras formas de vida&#8230;<\/p>\n<p><b>16\/11 O Universo &#8211; Velocidade da luz (3\u00aa Temp. Ep. 03) <\/b><\/p>\n<p>Viajando pelo espa\u00e7o, a luz \u00e9 a coisa mais r\u00e1pida do universo. Ela pode circular a Terra sete vezes em apenas um segundo. Enquanto ela nos atinge, vinda de grandes dist\u00e2ncias no espa\u00e7o, ela revela a hist\u00f3ria do cosmos: somos capazes de olhar de volta ao passado.<\/p>\n<p><b>23\/11 O Universo 7\u00aa Temporada.- Grandes &#8211; Distantes e Velozes &#8211; History Channel <\/b><\/p>\n<p>Neste epis\u00f3dio, o elenco utiliza analogias impressionantes para trazer os maiores objetos, as grandes dist\u00e2ncias e a maior velocidade \u00e0 Terra. Para entender a escala do Cosmo, se basearam em experi\u00eancias como dirigir um caminh\u00e3o monstruoso, escalar a ponte Golden Gate, e fazer uma corrida atrav\u00e9s do deserto em um carro movido por foguetes.<\/p>\n<p><b>30\/11 Grandes Mist\u00e9rios do Universo com Morgan Freeman<\/b><\/p>\n<p>N\u00e3o \u00e9 de hoje que a humanidade tem se questionado se est\u00e1 sozinha, se existem universos paralelos e se o tempo \u00e9 uma ilus\u00e3o. Perguntas assim t\u00eam sido feitas ao longo de toda a hist\u00f3ria. \u00c9 tentando respond\u00ea-las que o document\u00e1rio narrado por Morgan Freeman apresenta de forma acess\u00edvel conceitos de astrof\u00edsica, astrobiologia, mec\u00e2nica qu\u00e2ntica e outras \u00e1reas. Uma coisa de outro mundo.<\/p>\n<p>&nbsp;<\/p>\n","protected":false},"excerpt":{"rendered":"<p>Nesta s\u00e1bado (26), o projeto \u201cFesta das Estrelas\u201d apresenta a o document\u00e1rio \u201cAs 100 maiores descobertas da hist\u00f3ria\u201d, \u00e0s 18 horas, no Museu de Hist\u00f3ria Natural (MHN), c\u00e2mpus hist\u00f3rico da UFLA. O projeto, promovido pelo grupo \u201cA Magia da F\u00edsica e do Universo\u201d, inclui a exibi\u00e7\u00e3o do document\u00e1rio, debate sobre o tema e visualiza\u00e7\u00e3o do &hellip; <a href=\"https:\/\/www.ufla.br\/dcom\/2013\/10\/24\/festa-das-estrelas-apresenta-as-100-maiores-descobertas-da-historia-participe-e-visualize-o-ceu-de-lavras-com-telescopio\/\" class=\"more-link\">Continue lendo <span class=\"screen-reader-text\">&#8220;Festa das Estrelas&#8221; apresenta as 100 maiores descobertas da hist\u00f3ria \u2013 participe e visualize o c\u00e9u de Lavras com telesc\u00f3pio<\/span> <span class=\"meta-nav\">&rarr;<\/span><\/a><\/p>\n","protected":false},"author":6,"featured_media":0,"comment_status":"closed","ping_status":"closed","sticky":false,"template":"","format":"standard","meta":{"ngg_post_thumbnail":0,"footnotes":""},"categories":[1],"tags":[542,453],"class_list":["post-27247","post","type-post","status-publish","format-standard","hentry","category-noticias","tag-fisica","tag-mhn"],"_links":{"self":[{"href":"https:\/\/www.ufla.br\/dcom\/wp-json\/wp\/v2\/posts\/27247","targetHints":{"allow":["GET"]}}],"collection":[{"href":"https:\/\/www.ufla.br\/dcom\/wp-json\/wp\/v2\/posts"}],"about":[{"href":"https:\/\/www.ufla.br\/dcom\/wp-json\/wp\/v2\/types\/post"}],"author":[{"embeddable":true,"href":"https:\/\/www.ufla.br\/dcom\/wp-json\/wp\/v2\/users\/6"}],"replies":[{"embeddable":true,"href":"https:\/\/www.ufla.br\/dcom\/wp-json\/wp\/v2\/comments?post=27247"}],"version-history":[{"count":2,"href":"https:\/\/www.ufla.br\/dcom\/wp-json\/wp\/v2\/posts\/27247\/revisions"}],"predecessor-version":[{"id":27339,"href":"https:\/\/www.ufla.br\/dcom\/wp-json\/wp\/v2\/posts\/27247\/revisions\/27339"}],"wp:attachment":[{"href":"https:\/\/www.ufla.br\/dcom\/wp-json\/wp\/v2\/media?parent=27247"}],"wp:term":[{"taxonomy":"category","embeddable":true,"href":"https:\/\/www.ufla.br\/dcom\/wp-json\/wp\/v2\/categories?post=27247"},{"taxonomy":"post_tag","embeddable":true,"href":"https:\/\/www.ufla.br\/dcom\/wp-json\/wp\/v2\/tags?post=27247"}],"curies":[{"name":"wp","href":"https:\/\/api.w.org\/{rel}","templated":true}]}}