{"id":27236,"date":"2013-10-24T17:00:09","date_gmt":"2013-10-24T20:00:09","guid":{"rendered":"http:\/\/www.ufla.br\/ascom\/?p=27236"},"modified":"2013-10-28T10:48:41","modified_gmt":"2013-10-28T13:48:41","slug":"campanha-de-arrecadacao-de-materiais-de-limpeza-beneficia-fazendinha-do-padre-israel","status":"publish","type":"post","link":"https:\/\/www.ufla.br\/dcom\/2013\/10\/24\/campanha-de-arrecadacao-de-materiais-de-limpeza-beneficia-fazendinha-do-padre-israel\/","title":{"rendered":"Campanha de arrecada\u00e7\u00e3o de materiais de limpeza beneficia Fazendinha do Padre Israel"},"content":{"rendered":"<p><a href=\"http:\/\/www.ufla.br\/ascom\/wp-content\/uploads\/2013\/10\/fazendinha-Padre-Israel.jpg\"><img loading=\"lazy\" decoding=\"async\" class=\"alignright size-medium wp-image-27238\" alt=\"fazendinha Padre Israel\" src=\"http:\/\/www.ufla.br\/ascom\/wp-content\/uploads\/2013\/10\/fazendinha-Padre-Israel-249x166.jpg\" width=\"249\" height=\"166\" srcset=\"https:\/\/www.ufla.br\/dcom\/wp-content\/uploads\/2013\/10\/fazendinha-Padre-Israel-249x166.jpg 249w, https:\/\/www.ufla.br\/dcom\/wp-content\/uploads\/2013\/10\/fazendinha-Padre-Israel-612x410.jpg 612w, https:\/\/www.ufla.br\/dcom\/wp-content\/uploads\/2013\/10\/fazendinha-Padre-Israel.jpg 943w\" sizes=\"auto, (max-width: 249px) 100vw, 249px\" \/><\/a>De 22 de outubro a 2 de novembro, a Terra Jr Consultoria Agropecu\u00e1ria realiza uma campanha de arrecada\u00e7\u00e3o de produtos de limpeza, em apoio \u00e0 Fazendinha do Padre Israel. H\u00e1 pontos de coleta nas cantinas da UFLA e na Pra\u00e7a Dr. Augusto Silva (na pra\u00e7a, de 25 a 28 de outubro).<\/p>\n<p>A Fazendinha do Padre Israel \u00e9 um centro de recupera\u00e7\u00e3o para dependentes qu\u00edmicos localizada na Fazenda Senhor Jesus. O trabalho foi iniciado h\u00e1 quase 30 anos pelo padre Israel Batista de Carvalho, falecido em 2011; hoje, volunt\u00e1rios cuidam do espa\u00e7o, que tem capacidade para abrigar at\u00e9 50 pessoas.<\/p>\n<h5>Com informa\u00e7\u00f5es de Nathan Jhon Silva Lopes &#8211; bolsista Ascom\/DAG<\/h5>\n<p>&nbsp;<\/p>\n","protected":false},"excerpt":{"rendered":"<p>De 22 de outubro a 2 de novembro, a Terra Jr Consultoria Agropecu\u00e1ria realiza uma campanha de arrecada\u00e7\u00e3o de produtos de limpeza, em apoio \u00e0 Fazendinha do Padre Israel. H\u00e1 pontos de coleta nas cantinas da UFLA e na Pra\u00e7a Dr. Augusto Silva (na pra\u00e7a, de 25 a 28 de outubro). A Fazendinha do Padre &hellip; <a href=\"https:\/\/www.ufla.br\/dcom\/2013\/10\/24\/campanha-de-arrecadacao-de-materiais-de-limpeza-beneficia-fazendinha-do-padre-israel\/\" class=\"more-link\">Continue lendo <span class=\"screen-reader-text\">Campanha de arrecada\u00e7\u00e3o de materiais de limpeza beneficia Fazendinha do Padre Israel<\/span> <span class=\"meta-nav\">&rarr;<\/span><\/a><\/p>\n","protected":false},"author":8,"featured_media":0,"comment_status":"closed","ping_status":"closed","sticky":false,"template":"","format":"standard","meta":{"ngg_post_thumbnail":0,"footnotes":""},"categories":[1,10],"tags":[321],"class_list":["post-27236","post","type-post","status-publish","format-standard","hentry","category-noticias","category-menores","tag-solidariedade"],"_links":{"self":[{"href":"https:\/\/www.ufla.br\/dcom\/wp-json\/wp\/v2\/posts\/27236","targetHints":{"allow":["GET"]}}],"collection":[{"href":"https:\/\/www.ufla.br\/dcom\/wp-json\/wp\/v2\/posts"}],"about":[{"href":"https:\/\/www.ufla.br\/dcom\/wp-json\/wp\/v2\/types\/post"}],"author":[{"embeddable":true,"href":"https:\/\/www.ufla.br\/dcom\/wp-json\/wp\/v2\/users\/8"}],"replies":[{"embeddable":true,"href":"https:\/\/www.ufla.br\/dcom\/wp-json\/wp\/v2\/comments?post=27236"}],"version-history":[{"count":6,"href":"https:\/\/www.ufla.br\/dcom\/wp-json\/wp\/v2\/posts\/27236\/revisions"}],"predecessor-version":[{"id":27336,"href":"https:\/\/www.ufla.br\/dcom\/wp-json\/wp\/v2\/posts\/27236\/revisions\/27336"}],"wp:attachment":[{"href":"https:\/\/www.ufla.br\/dcom\/wp-json\/wp\/v2\/media?parent=27236"}],"wp:term":[{"taxonomy":"category","embeddable":true,"href":"https:\/\/www.ufla.br\/dcom\/wp-json\/wp\/v2\/categories?post=27236"},{"taxonomy":"post_tag","embeddable":true,"href":"https:\/\/www.ufla.br\/dcom\/wp-json\/wp\/v2\/tags?post=27236"}],"curies":[{"name":"wp","href":"https:\/\/api.w.org\/{rel}","templated":true}]}}