{"id":27202,"date":"2013-10-24T08:24:20","date_gmt":"2013-10-24T11:24:20","guid":{"rendered":"http:\/\/www.ufla.br\/ascom\/?p=27202"},"modified":"2013-10-25T10:46:36","modified_gmt":"2013-10-25T13:46:36","slug":"inbatec-participa-do-xxiii-seminario-nacional-da-anprotec-e-30a-conferencia-mundial-da-iasp","status":"publish","type":"post","link":"https:\/\/www.ufla.br\/dcom\/2013\/10\/24\/inbatec-participa-do-xxiii-seminario-nacional-da-anprotec-e-30a-conferencia-mundial-da-iasp\/","title":{"rendered":"Inbatec participa do XXIII Semin\u00e1rio Nacional da Anprotec e 30\u00aa Confer\u00eancia Mundial da IASP"},"content":{"rendered":"<p><a href=\"http:\/\/www.ufla.br\/ascom\/wp-content\/uploads\/2013\/10\/24.10-inbatec.jpg\"><img loading=\"lazy\" decoding=\"async\" class=\"alignleft size-medium wp-image-27204\" alt=\"24.10 inbatec\" src=\"http:\/\/www.ufla.br\/ascom\/wp-content\/uploads\/2013\/10\/24.10-inbatec-249x169.jpg\" width=\"249\" height=\"169\" srcset=\"https:\/\/www.ufla.br\/dcom\/wp-content\/uploads\/2013\/10\/24.10-inbatec-249x169.jpg 249w, https:\/\/www.ufla.br\/dcom\/wp-content\/uploads\/2013\/10\/24.10-inbatec-612x416.jpg 612w, https:\/\/www.ufla.br\/dcom\/wp-content\/uploads\/2013\/10\/24.10-inbatec.jpg 1283w\" sizes=\"auto, (max-width: 249px) 100vw, 249px\" \/><\/a>A Incubadora de Empresas de Base Tecnol\u00f3gica da UFLA (<a href=\"http:\/\/www.nintec.ufla.br\/inbatec\">Inbatec<\/a>) participou, no per\u00edodo de 14 a 17 de outubro, do XXIII Semin\u00e1rio Nacional de Parques Tecnol\u00f3gicos e Incubadoras de Empresas e da 30\u00aa Confer\u00eancia Mundial da IASP, considerado o maior evento sobre empreendedorismo inovador da Am\u00e9rica Latina.<\/p>\n<p>O evento foi realizado em Recife (PE) e contou com a presen\u00e7a da gerente da Inbatec, Manuela de Oliveira Botrel, que tamb\u00e9m representou o Parque Cient\u00edfico e Tecnol\u00f3gico de Lavras (Lavrastec). O tema principal da confer\u00eancia foi \u201cParques Cient\u00edficos Modelando Novas Cidades\u201d.\u00a0 Este ano, a ideia foi estimular a reflex\u00e3o em cada um dos gestores de parques cient\u00edficos e tecnol\u00f3gicos sobre o que pode ser feito (e o que j\u00e1 se est\u00e1 fazendo) nos parques a fim de promover a investiga\u00e7\u00e3o e cria\u00e7\u00e3o de empresas e solu\u00e7\u00f5es para melhorar a vida nas cidades.<\/p>\n<p>Segundo Manuela, o Semin\u00e1rio \u201cfoi fant\u00e1stico, deu um salto em rela\u00e7\u00e3o aos anos anteriores. Pude constatar que houve mais engajamento nesta edi\u00e7\u00e3o. Al\u00e9m disso, foi muito importante observar que nosso principal parceiro, o Sebrae\/Lavras\/MG, representado por Juliano Corn\u00e9lio, gerente Regional Sul, e Glaucia Geruza, analista t\u00e9cnica do Sebrae de Lavras, estavam l\u00e1\u201d, destaca. A gerente ainda ressaltou que houve muita sinergia de informa\u00e7\u00f5es entre os participantes, \u201cfoi \u00f3timo, a troca de experi\u00eancias e pr\u00e1ticas enriquece nosso trabalho\u201d, afirma.<\/p>\n<p>Vale destacar que o evento \u00e9 promovido desde 1987 e vem servindo como propulsor do movimento de empreendedorismo inovador, trazendo para o debate temas fundamentais ao desenvolvimento econ\u00f4mico e social n\u00e3o apenas do Brasil, mas tamb\u00e9m de diferentes regi\u00f5es do mundo.<\/p>\n<p>O semin\u00e1rio foi promovido pela Associa\u00e7\u00e3o Nacional de Entidades Promotoras de Empreendimentos Inovadores (<a href=\"http:\/\/www.anprotec.org.br\/\">Anprotec<\/a>) e Associa\u00e7\u00e3o Internacional de Parques Cient\u00edficos e \u00c1reas de Inova\u00e7\u00e3o (IASP, tradu\u00e7\u00e3o em ingl\u00eas).<\/p>\n<h5><b>Amanda Castro \u2013 Jornalista \u2013 Assessoria de Comunica\u00e7\u00e3o Inbatec\/Nintec<\/b><\/h5>\n<p>&nbsp;<\/p>\n","protected":false},"excerpt":{"rendered":"<p>A Incubadora de Empresas de Base Tecnol\u00f3gica da UFLA (Inbatec) participou, no per\u00edodo de 14 a 17 de outubro, do XXIII Semin\u00e1rio Nacional de Parques Tecnol\u00f3gicos e Incubadoras de Empresas e da 30\u00aa Confer\u00eancia Mundial da IASP, considerado o maior evento sobre empreendedorismo inovador da Am\u00e9rica Latina. O evento foi realizado em Recife (PE) e &hellip; <a href=\"https:\/\/www.ufla.br\/dcom\/2013\/10\/24\/inbatec-participa-do-xxiii-seminario-nacional-da-anprotec-e-30a-conferencia-mundial-da-iasp\/\" class=\"more-link\">Continue lendo <span class=\"screen-reader-text\">Inbatec participa do XXIII Semin\u00e1rio Nacional da Anprotec e 30\u00aa Confer\u00eancia Mundial da IASP<\/span> <span class=\"meta-nav\">&rarr;<\/span><\/a><\/p>\n","protected":false},"author":9,"featured_media":0,"comment_status":"closed","ping_status":"closed","sticky":false,"template":"","format":"standard","meta":{"ngg_post_thumbnail":0,"footnotes":""},"categories":[1,10],"tags":[206],"class_list":["post-27202","post","type-post","status-publish","format-standard","hentry","category-noticias","category-menores","tag-inbatec"],"_links":{"self":[{"href":"https:\/\/www.ufla.br\/dcom\/wp-json\/wp\/v2\/posts\/27202","targetHints":{"allow":["GET"]}}],"collection":[{"href":"https:\/\/www.ufla.br\/dcom\/wp-json\/wp\/v2\/posts"}],"about":[{"href":"https:\/\/www.ufla.br\/dcom\/wp-json\/wp\/v2\/types\/post"}],"author":[{"embeddable":true,"href":"https:\/\/www.ufla.br\/dcom\/wp-json\/wp\/v2\/users\/9"}],"replies":[{"embeddable":true,"href":"https:\/\/www.ufla.br\/dcom\/wp-json\/wp\/v2\/comments?post=27202"}],"version-history":[{"count":5,"href":"https:\/\/www.ufla.br\/dcom\/wp-json\/wp\/v2\/posts\/27202\/revisions"}],"predecessor-version":[{"id":27207,"href":"https:\/\/www.ufla.br\/dcom\/wp-json\/wp\/v2\/posts\/27202\/revisions\/27207"}],"wp:attachment":[{"href":"https:\/\/www.ufla.br\/dcom\/wp-json\/wp\/v2\/media?parent=27202"}],"wp:term":[{"taxonomy":"category","embeddable":true,"href":"https:\/\/www.ufla.br\/dcom\/wp-json\/wp\/v2\/categories?post=27202"},{"taxonomy":"post_tag","embeddable":true,"href":"https:\/\/www.ufla.br\/dcom\/wp-json\/wp\/v2\/tags?post=27202"}],"curies":[{"name":"wp","href":"https:\/\/api.w.org\/{rel}","templated":true}]}}