{"id":26801,"date":"2013-10-15T11:30:37","date_gmt":"2013-10-15T14:30:37","guid":{"rendered":"http:\/\/www.ufla.br\/ascom\/?p=26801"},"modified":"2013-10-17T09:08:02","modified_gmt":"2013-10-17T12:08:02","slug":"calouro-entrega-dos-cartoes-institucionais-sera-nos-dias-16-e-17","status":"publish","type":"post","link":"https:\/\/www.ufla.br\/dcom\/2013\/10\/15\/calouro-entrega-dos-cartoes-institucionais-sera-nos-dias-16-e-17\/","title":{"rendered":"Calouro: entrega dos cart\u00f5es institucionais ser\u00e1 nos dias 16 e 17"},"content":{"rendered":"<p><a href=\"http:\/\/www.ufla.br\/ascom\/wp-content\/uploads\/2013\/07\/09.07-cart\u00e3o-estudante.jpg\"><img loading=\"lazy\" decoding=\"async\" class=\"alignleft size-full wp-image-23818\" alt=\"cart\u00e3o identifica\u00e7\u00e3o UFLA\" src=\"http:\/\/www.ufla.br\/ascom\/wp-content\/uploads\/2013\/07\/09.07-cart\u00e3o-estudante.jpg\" width=\"249\" height=\"178\" \/><\/a>Os estudantes ingressantes na UFLA, no segundo per\u00edodo de 2013, dever\u00e3o pegar seu cart\u00e3o de identifica\u00e7\u00e3o no Setor de Arrecada\u00e7\u00e3o de Cr\u00e9ditos do Restaurante Universit\u00e1rio (RU), no dia 16 ou 17 de outubro. A entrega dos cart\u00f5es ser\u00e1 efetuada nos seguintes hor\u00e1rios: das 9 \u00e0s 11 horas e das 15 \u00e0s 17 horas.<\/p>\n<p>O Cart\u00e3o de Identifica\u00e7\u00e3o \u00danica \u00e9 um documento individual que identifica o estudante e permite a inser\u00e7\u00e3o de cr\u00e9ditos para refei\u00e7\u00e3o no RU e empr\u00e9stimos na Biblioteca Universit\u00e1ria (<a href=\"http:\/\/www.biblioteca.ufla.br\/\">BU<\/a>). O cart\u00e3o \u00e9 fornecido pela Diretoria de Gest\u00e3o da Tecnologia de Informa\u00e7\u00e3o (<a href=\"http:\/\/www.dgti.ufla.br\/\">DGTI<\/a>).<\/p>\n<p><b>Exposi\u00e7\u00e3o Cultural para os calouros \u00e9 amanh\u00e3 (16)<\/b><\/p>\n<p>Encerrando a programa\u00e7\u00e3o de recep\u00e7\u00e3o, haver\u00e1 uma exposi\u00e7\u00e3o cultural para os calouros no dia 16, na Cantina Central. As Pr\u00f3-Reitorias de Pesquisa (PRP), Extens\u00e3o e Cultura (Proec), Assuntos Estudantis e Comunit\u00e1rios (PRAEC) e Gradua\u00e7\u00e3o (PRG), Diretoria de Rela\u00e7\u00f5es Internacionais (DRI), Liga Esportiva da UFLA (Leufla), DCE e Pol\u00edcia Militar ir\u00e3o expor seus trabalhos e fornecer informa\u00e7\u00f5es.<\/p>\n<p>A participa\u00e7\u00e3o \u00e9 obrigat\u00f3ria e haver\u00e1 uma lista de presen\u00e7a; como \u00e9 um dia letivo com aulas, a exposi\u00e7\u00e3o deve ser visitada nos intervalos e n\u00e3o haver\u00e1 abono de faltas.<\/p>\n<p>&nbsp;<\/p>\n","protected":false},"excerpt":{"rendered":"<p>Os estudantes ingressantes na UFLA, no segundo per\u00edodo de 2013, dever\u00e3o pegar seu cart\u00e3o de identifica\u00e7\u00e3o no Setor de Arrecada\u00e7\u00e3o de Cr\u00e9ditos do Restaurante Universit\u00e1rio (RU), no dia 16 ou 17 de outubro. A entrega dos cart\u00f5es ser\u00e1 efetuada nos seguintes hor\u00e1rios: das 9 \u00e0s 11 horas e das 15 \u00e0s 17 horas. O Cart\u00e3o &hellip; <a href=\"https:\/\/www.ufla.br\/dcom\/2013\/10\/15\/calouro-entrega-dos-cartoes-institucionais-sera-nos-dias-16-e-17\/\" class=\"more-link\">Continue lendo <span class=\"screen-reader-text\">Calouro: entrega dos cart\u00f5es institucionais ser\u00e1 nos dias 16 e 17<\/span> <span class=\"meta-nav\">&rarr;<\/span><\/a><\/p>\n","protected":false},"author":8,"featured_media":0,"comment_status":"closed","ping_status":"closed","sticky":false,"template":"","format":"standard","meta":{"ngg_post_thumbnail":0,"footnotes":""},"categories":[1,10],"tags":[388],"class_list":["post-26801","post","type-post","status-publish","format-standard","hentry","category-noticias","category-menores","tag-calouros"],"_links":{"self":[{"href":"https:\/\/www.ufla.br\/dcom\/wp-json\/wp\/v2\/posts\/26801","targetHints":{"allow":["GET"]}}],"collection":[{"href":"https:\/\/www.ufla.br\/dcom\/wp-json\/wp\/v2\/posts"}],"about":[{"href":"https:\/\/www.ufla.br\/dcom\/wp-json\/wp\/v2\/types\/post"}],"author":[{"embeddable":true,"href":"https:\/\/www.ufla.br\/dcom\/wp-json\/wp\/v2\/users\/8"}],"replies":[{"embeddable":true,"href":"https:\/\/www.ufla.br\/dcom\/wp-json\/wp\/v2\/comments?post=26801"}],"version-history":[{"count":7,"href":"https:\/\/www.ufla.br\/dcom\/wp-json\/wp\/v2\/posts\/26801\/revisions"}],"predecessor-version":[{"id":26926,"href":"https:\/\/www.ufla.br\/dcom\/wp-json\/wp\/v2\/posts\/26801\/revisions\/26926"}],"wp:attachment":[{"href":"https:\/\/www.ufla.br\/dcom\/wp-json\/wp\/v2\/media?parent=26801"}],"wp:term":[{"taxonomy":"category","embeddable":true,"href":"https:\/\/www.ufla.br\/dcom\/wp-json\/wp\/v2\/categories?post=26801"},{"taxonomy":"post_tag","embeddable":true,"href":"https:\/\/www.ufla.br\/dcom\/wp-json\/wp\/v2\/tags?post=26801"}],"curies":[{"name":"wp","href":"https:\/\/api.w.org\/{rel}","templated":true}]}}