{"id":26686,"date":"2013-10-11T10:58:07","date_gmt":"2013-10-11T13:58:07","guid":{"rendered":"http:\/\/www.ufla.br\/ascom\/?p=26686"},"modified":"2013-10-24T09:55:10","modified_gmt":"2013-10-24T12:55:10","slug":"teses-defendidas-na-ufla-vencem-premio-capes-de-tese-2013","status":"publish","type":"post","link":"https:\/\/www.ufla.br\/dcom\/2013\/10\/11\/teses-defendidas-na-ufla-vencem-premio-capes-de-tese-2013\/","title":{"rendered":"Teses defendidas na UFLA vencem Pr\u00eamio Capes de Tese 2013"},"content":{"rendered":"<p><a href=\"http:\/\/www.ufla.br\/ascom\/wp-content\/uploads\/2013\/10\/premio-capes-teses.png\"><img loading=\"lazy\" decoding=\"async\" class=\"alignright size-medium wp-image-26688\" alt=\"premio-capes-teses\" src=\"http:\/\/www.ufla.br\/ascom\/wp-content\/uploads\/2013\/10\/premio-capes-teses-249x124.png\" width=\"249\" height=\"124\" srcset=\"https:\/\/www.ufla.br\/dcom\/wp-content\/uploads\/2013\/10\/premio-capes-teses-249x124.png 249w, https:\/\/www.ufla.br\/dcom\/wp-content\/uploads\/2013\/10\/premio-capes-teses.png 400w\" sizes=\"auto, (max-width: 249px) 100vw, 249px\" \/><\/a>Mantendo a tradi\u00e7\u00e3o desde que o Pr\u00eamio Capes de Tese foi criado, a edi\u00e7\u00e3o 2013 tem entre as vencedoras duas teses defendidas na Universidade Federal de Lavras (UFLA). Na \u00e1rea de Ci\u00eancias Agr\u00e1rias I, o Pr\u00eamio destaca a tese de autoria de Eliane Cristina de Resende, do Programa de P\u00f3s-Gradua\u00e7\u00e3o em Agroqu\u00edmica. Intitulada \u201cAplica\u00e7\u00e3o da lama vermelha como catalisador em processos oxidativos\/redutivos\u201d, o trabalho teve a orienta\u00e7\u00e3o do professor M\u00e1rio C\u00e9sar Guerreiro.<\/p>\n<p>Na \u00e1rea de Zootecnia\/Recursos Pesqueiros, Guilherme Oberlender receber\u00e1 a Men\u00e7\u00e3o Honrosa do Pr\u00eamio Capes de Tese 2013, pela tese \u201cIGF-I no fluido folicular utilizado na matura\u00e7\u00e3o e fecunda\u00e7\u00e3o in vitro em su\u00ednos\u201d, defendida no ano de 2012, sob a orienta\u00e7\u00e3o do professor Luis David Solis Murgas e coorienta\u00e7\u00e3o dos professores M\u00e1rcio Gilberto Zangeronimo e M\u00f4nica Rodrigues Ferreira Machado, do Programa de P\u00f3s-Gradua\u00e7\u00e3o em Zootecnia da UFLA.<\/p>\n<p>O professor Teodorico de Castro Ramalho, coordenador do Programa de P\u00f3s-Gradua\u00e7\u00e3o em Agroqu\u00edmica, reconhece que houve uma evolu\u00e7\u00e3o no Programa quando se passou a valorizar mais a t\u00e9cnica e os recursos humanos, com metas claras onde se queria chegar. Ele parabeniza o grupo de pesquisa do professor M\u00e1rio Guerreiro pelos excelentes resultados alcan\u00e7ados. \u00a0Al\u00e9m disso, o \u00eaxito conquistado nos \u00faltimos anos\u00a0\u00e9 fruto de um esfor\u00e7o coletivo de docentes, discentes e funcion\u00e1rios, contando tamb\u00e9m com um suporte\u00a0permanente da\u00a0Dire\u00e7\u00e3o da UFLA.\u00a0\u00a0\u201cTodos os docentes est\u00e3o envolvidos para o crescimento do Programa e para a visibilidade da pr\u00f3pria Institui\u00e7\u00e3o. Temos sorte de trabalhar nesta atmosfera frut\u00edfera que \u00e9 a UFLA\u201d, refor\u00e7a.<\/p>\n<p>Na avalia\u00e7\u00e3o do professor Thiago Bernardes, coordenador do Programa de P\u00f3s-Gradua\u00e7\u00e3o em Zootecnia, o pr\u00eamio \u00e9 fruto dos esfor\u00e7os do grupo de pesquisa, al\u00e9m do apoio que a Dire\u00e7\u00e3o da UFLA e os \u00f3rg\u00e3os de fomento t\u00eam dado ao processo de internacionaliza\u00e7\u00e3o. Durante o doutoramento, Guilherme Oberlender teve a oportunidade de participar do programa de est\u00e1gio no exterior (Doutorado Sandwich), o que lhe proporcionou uma bagagem cient\u00edfica e social diferenciada.<\/p>\n<p>Para o professor Murgas, a premia\u00e7\u00e3o \u00e9 resultado do trabalho e dedica\u00e7\u00e3o de Guilherme e do grupo de pesquisa, incluindo os professores que o coorientaram. \u201cEstamos muito satisfeitos com esse reconhecimento, pois mostra a import\u00e2ncia das linhas de pesquisas no programa de P\u00f3s-Gradua\u00e7\u00e3o em Zootecnia. Al\u00e9m disso, os nossos laborat\u00f3rios est\u00e3o cada vez mais equipados para gerar ci\u00eancia de qualidade com potencial para publica\u00e7\u00e3o em revistas cient\u00edficas de impacto\u201d, considera.<\/p>\n<p><em><strong>O Pr\u00eamio<\/strong><\/em><br \/>\nO Pr\u00eamio Capes de Tese \u00e9 outorgado para a melhor tese de doutorado em cada uma das \u00e1reas do conhecimento reconhecidas pela Capes. Constitui-se de certificado, medalha e bolsa de p\u00f3s-doutorado, al\u00e9m de distin\u00e7\u00e3o aos respectivos orientadores, coorientadores e programas de p\u00f3s-gradua\u00e7\u00e3o nos quais as teses foram defendidas.<br \/>\nO evento de entrega dos pr\u00eamios ser\u00e1 realizado no dia 10 de dezembro, em Bras\u00edlia, na sede da CAPES. Durante o evento, os outorgados com o Pr\u00eamio e Men\u00e7\u00e3o Honrosa ser\u00e3o destacados.<\/p>\n<p><em><strong>Tradi\u00e7\u00e3o na UFLA<\/strong><\/em><br \/>\nDesde que foi institu\u00eddo em 2005, a UFLA sempre esteve representada no Pr\u00eamio Capes de Tese, que outorga distin\u00e7\u00e3o \u00e0s melhores teses de doutorado defendidas e aprovadas nos cursos reconhecidos pelo Minist\u00e9rio da Educa\u00e7\u00e3o (MEC). Veja o hist\u00f3rico das teses que receberam distin\u00e7\u00e3o:<\/p>\n<p>2006 (Autor: Giuliano Marchi &#8211; Orientador: professor Luiz Roberto Guimar\u00e3es &#8211; Programa de P\u00f3s-Gradua\u00e7\u00e3o em Agronomia (DAG)<\/p>\n<p>2007 (Autora: Gl\u00e1ucia Maria Vasconcellos Vale &#8211; Orientador: professor Robson Am\u00e2ncio &#8211; Programa de P\u00f3s-Gradua\u00e7\u00e3o em Administra\u00e7\u00e3o (DAE)<\/p>\n<p>2008 (Autor: M\u00f4nica Juliani Zavaglia Pereira (indicada ao Pr\u00eamio) &#8211; Orientador: professor Magno Antonio Patto Ramalho &#8211; Programa de P\u00f3s-Gradua\u00e7\u00e3o em Gen\u00e9tica e Melhoramento de Plantas (DBI) e Autora: Kelen Cristina dos Reis &#8211; Orientadora: professora Joelma Pereira &#8211; Programa de P\u00f3s-Gradua\u00e7\u00e3o em Ci\u00eancia dos Alimentos (DCA)<\/p>\n<p>2009 (Autor: Ederson da Concei\u00e7\u00e3o Jesus &#8211; Orientadora: professora F\u00e1tima Maria de Souza Moreira &#8211; Programa de P\u00f3s-Gradua\u00e7\u00e3o em Ci\u00eancia do Solo (DCS)<\/p>\n<p>2010 (Autor: Fl\u00e1vio Henrique Vasconcelos de Medeiros &#8211; Orientador: professor Ricardo Magela de Souza e coorientadores, professores Jos\u00e9 da Cruz Machado (UFLA), Paul Pare (Texas Tech) e Alan Pomella (iniciativa privada) &#8211; Programa de P\u00f3s-Gradua\u00e7\u00e3o em Agronomia\/Fitopatologia<\/p>\n<p>2011 (Autor: Iara do Ros\u00e1rio Guimar\u00e3es &#8211; Orientador: professor Luiz Carlos Alves de Oliveira &#8211; P\u00f3s-Gradua\u00e7\u00e3o em Agroqu\u00edmica (DQI\/UFLA)<\/p>\n<p>2012 (Autor: S\u00edlvio Junio Ramos &#8211; Orienta\u00e7\u00e3o: Valdemar Faquin e coorienta\u00e7\u00e3o dos professores Luiz Roberto Guimar\u00e3es Guilherme (DCS\/UFLA) e Li Li (Cornell University, EUA) &#8211; Programa de P\u00f3s-Gradua\u00e7\u00e3o de Ci\u00eancia do Solo (DCS\/UFLA) e Autora: Maria Cristina Silva (Men\u00e7\u00e3o Honrosa) &#8211; Orienta\u00e7\u00e3o: professora Angelita Duarte Corr\u00eaa (DQI\/UFLA) &#8211; Programa de P\u00f3s-Gradua\u00e7\u00e3o em Agroqu\u00edmica (vencedora do Pr\u00eamio Capes-Vale de Sustentabilidade).<\/p>\n<p>&nbsp;<\/p>\n","protected":false},"excerpt":{"rendered":"<p>Mantendo a tradi\u00e7\u00e3o desde que o Pr\u00eamio Capes de Tese foi criado, a edi\u00e7\u00e3o 2013 tem entre as vencedoras duas teses defendidas na Universidade Federal de Lavras (UFLA). Na \u00e1rea de Ci\u00eancias Agr\u00e1rias I, o Pr\u00eamio (&#8230;)<\/p>\n","protected":false},"author":6,"featured_media":0,"comment_status":"closed","ping_status":"closed","sticky":false,"template":"","format":"standard","meta":{"ngg_post_thumbnail":0,"footnotes":""},"categories":[1],"tags":[15,314],"class_list":["post-26686","post","type-post","status-publish","format-standard","hentry","category-noticias","tag-pos-graduacao","tag-premio"],"_links":{"self":[{"href":"https:\/\/www.ufla.br\/dcom\/wp-json\/wp\/v2\/posts\/26686","targetHints":{"allow":["GET"]}}],"collection":[{"href":"https:\/\/www.ufla.br\/dcom\/wp-json\/wp\/v2\/posts"}],"about":[{"href":"https:\/\/www.ufla.br\/dcom\/wp-json\/wp\/v2\/types\/post"}],"author":[{"embeddable":true,"href":"https:\/\/www.ufla.br\/dcom\/wp-json\/wp\/v2\/users\/6"}],"replies":[{"embeddable":true,"href":"https:\/\/www.ufla.br\/dcom\/wp-json\/wp\/v2\/comments?post=26686"}],"version-history":[{"count":5,"href":"https:\/\/www.ufla.br\/dcom\/wp-json\/wp\/v2\/posts\/26686\/revisions"}],"predecessor-version":[{"id":27229,"href":"https:\/\/www.ufla.br\/dcom\/wp-json\/wp\/v2\/posts\/26686\/revisions\/27229"}],"wp:attachment":[{"href":"https:\/\/www.ufla.br\/dcom\/wp-json\/wp\/v2\/media?parent=26686"}],"wp:term":[{"taxonomy":"category","embeddable":true,"href":"https:\/\/www.ufla.br\/dcom\/wp-json\/wp\/v2\/categories?post=26686"},{"taxonomy":"post_tag","embeddable":true,"href":"https:\/\/www.ufla.br\/dcom\/wp-json\/wp\/v2\/tags?post=26686"}],"curies":[{"name":"wp","href":"https:\/\/api.w.org\/{rel}","templated":true}]}}