{"id":26292,"date":"2013-10-22T07:00:55","date_gmt":"2013-10-22T10:00:55","guid":{"rendered":"http:\/\/www.ufla.br\/ascom\/?p=26292"},"modified":"2013-10-25T07:20:30","modified_gmt":"2013-10-25T10:20:30","slug":"iniciado-prazo-de-inscricao-no-processo-de-avaliacao-seriada-da-ufla-pas","status":"publish","type":"post","link":"https:\/\/www.ufla.br\/dcom\/2013\/10\/22\/iniciado-prazo-de-inscricao-no-processo-de-avaliacao-seriada-da-ufla-pas\/","title":{"rendered":"Prazo de inscri\u00e7\u00e3o no Processo de Avalia\u00e7\u00e3o Seriada da UFLA (PAS) termina no dia 24"},"content":{"rendered":"<p><a href=\"http:\/\/www.ufla.br\/ascom\/wp-content\/uploads\/2013\/10\/pasufla.jpg\"><img loading=\"lazy\" decoding=\"async\" class=\"alignleft size-medium wp-image-27111\" alt=\"pasufla\" src=\"http:\/\/www.ufla.br\/ascom\/wp-content\/uploads\/2013\/10\/pasufla-249x158.jpg\" width=\"249\" height=\"158\" srcset=\"https:\/\/www.ufla.br\/dcom\/wp-content\/uploads\/2013\/10\/pasufla-249x158.jpg 249w, https:\/\/www.ufla.br\/dcom\/wp-content\/uploads\/2013\/10\/pasufla-612x390.jpg 612w, https:\/\/www.ufla.br\/dcom\/wp-content\/uploads\/2013\/10\/pasufla.jpg 1084w\" sizes=\"auto, (max-width: 249px) 100vw, 249px\" \/><\/a>O per\u00edodo de inscri\u00e7\u00e3o no Processo de Avalia\u00e7\u00e3o Seriada da UFLA (PAS), iniciado em 26\/9, terminar\u00e1 \u00a0no dia 24 de outubro, \u00e0s 18 horas. Os interessados devem se inscrever no endere\u00e7o eletr\u00f4nico: <a href=\"http:\/\/www.dips.ufla.br\/\">www.dips.ufla.br<\/a>. Aos candidatos que realizam o PAS, s\u00e3o destinadas 40% das vagas dos cursos de gradua\u00e7\u00e3o presenciais do primeiro semestre letivo.<\/p>\n<p>O PAS \u00e9 aplicado em tr\u00eas etapas, uma a cada final de ano do ensino m\u00e9dio. As provas da 1\u00aa e 2\u00aa fase ser\u00e3o realizadas nos dias 30 de novembro e 1\u00ba de dezembro, enquanto a terceira etapa considera as notas do Exame Nacional do Ensino M\u00e9dio (Enem). O valor das inscri\u00e7\u00f5es para as duas primeiras etapas \u00e9 de R$ 100,00; para a terceira fase, a taxa \u00e9 de R$ 50,00.<\/p>\n<p>Uma vez inscrito, o candidato dever\u00e1 renovar sua inscri\u00e7\u00e3o anualmente, em datas divulgadas pela Diretoria de Processos Seletivos da UFLA (<a href=\"http:\/\/www.dips.ufla.br\/\">Dips<\/a>) \u2013\u00a0a n\u00e3o renova\u00e7\u00e3o acarretar\u00e1 a sua autom\u00e1tica exclus\u00e3o do grupo no qual estiver inscrito. O estudante que for realizar a terceira etapa deve renovar sua inscri\u00e7\u00e3o e se inscrever no Enem, al\u00e9m de fazer a op\u00e7\u00e3o pelo curso no qual pretende ingressar.<\/p>\n<p>As provas do PAS\/UFLA ser\u00e3o realizadas nas seguintes cidades de Minas Gerais: Lavras, Alfenas, Belo Horizonte, Divin\u00f3polis, Itajub\u00e1, Juiz de Fora e Uberl\u00e2ndia.<\/p>\n<p>Em cumprimento \u00e0 Lei n\u00ba 12.711, de 29\/8\/2012, regulamentada pelo Decreto n\u00ba 7.824, de 11\/10\/2012, e pela Portaria Normativa n\u00ba 18, de 11\/10\/2012, do Ministro de Estado da Educa\u00e7\u00e3o, a UFLA far\u00e1 a reserva de vagas, por curso, para os estudantes que tenham cursado integralmente o ensino m\u00e9dio em escolas p\u00fablicas.<\/p>\n<h5>O programa das mat\u00e9rias, obras liter\u00e1rias e editais das etapas do PAS\/UFLA est\u00e3o dispon\u00edveis em:\u00a0<a href=\"http:\/\/www.dips.ufla.br\/\">www.dips.ufla.br<\/a><\/h5>\n<h5>Este v\u00eddeo apresenta mais sobre o PAS: <a href=\"http:\/\/www.youtube.com\/watch?v=v5vDYYJlpyw\">http:\/\/www.youtube.com\/watch?v=v5vDYYJlpyw<\/a><\/h5>\n<p>&nbsp;<\/p>\n","protected":false},"excerpt":{"rendered":"<p>O per\u00edodo de inscri\u00e7\u00e3o no Processo de Avalia\u00e7\u00e3o Seriada da UFLA (PAS), iniciado em 26\/9, terminar\u00e1  no dia 24 de outubro, \u00e0s 18 horas. Os interessados devem se inscrever no endere\u00e7o eletr\u00f4nico: www.dips.ufla.br. Aos candidatos que realizam o PAS, s\u00e3o destinadas 40% das vagas (&#8230;)<\/p>\n","protected":false},"author":8,"featured_media":0,"comment_status":"closed","ping_status":"closed","sticky":false,"template":"","format":"standard","meta":{"ngg_post_thumbnail":0,"footnotes":""},"categories":[1],"tags":[],"class_list":["post-26292","post","type-post","status-publish","format-standard","hentry","category-noticias"],"_links":{"self":[{"href":"https:\/\/www.ufla.br\/dcom\/wp-json\/wp\/v2\/posts\/26292","targetHints":{"allow":["GET"]}}],"collection":[{"href":"https:\/\/www.ufla.br\/dcom\/wp-json\/wp\/v2\/posts"}],"about":[{"href":"https:\/\/www.ufla.br\/dcom\/wp-json\/wp\/v2\/types\/post"}],"author":[{"embeddable":true,"href":"https:\/\/www.ufla.br\/dcom\/wp-json\/wp\/v2\/users\/8"}],"replies":[{"embeddable":true,"href":"https:\/\/www.ufla.br\/dcom\/wp-json\/wp\/v2\/comments?post=26292"}],"version-history":[{"count":7,"href":"https:\/\/www.ufla.br\/dcom\/wp-json\/wp\/v2\/posts\/26292\/revisions"}],"predecessor-version":[{"id":26294,"href":"https:\/\/www.ufla.br\/dcom\/wp-json\/wp\/v2\/posts\/26292\/revisions\/26294"}],"wp:attachment":[{"href":"https:\/\/www.ufla.br\/dcom\/wp-json\/wp\/v2\/media?parent=26292"}],"wp:term":[{"taxonomy":"category","embeddable":true,"href":"https:\/\/www.ufla.br\/dcom\/wp-json\/wp\/v2\/categories?post=26292"},{"taxonomy":"post_tag","embeddable":true,"href":"https:\/\/www.ufla.br\/dcom\/wp-json\/wp\/v2\/tags?post=26292"}],"curies":[{"name":"wp","href":"https:\/\/api.w.org\/{rel}","templated":true}]}}