{"id":25744,"date":"2013-09-06T10:56:27","date_gmt":"2013-09-06T13:56:27","guid":{"rendered":"http:\/\/www.ufla.br\/ascom\/?p=25744"},"modified":"2013-09-11T08:04:26","modified_gmt":"2013-09-11T11:04:26","slug":"biodiversidade-do-solo-esteve-em-debate-durante-simposio-internacional-na-ufla","status":"publish","type":"post","link":"https:\/\/www.ufla.br\/dcom\/2013\/09\/06\/biodiversidade-do-solo-esteve-em-debate-durante-simposio-internacional-na-ufla\/","title":{"rendered":"Biodiversidade do Solo esteve em debate durante simp\u00f3sio internacional na UFLA"},"content":{"rendered":"<p><a href=\"http:\/\/www.ufla.br\/ascom\/wp-content\/uploads\/2013\/09\/06.09-Sinbio-plen\u00e1ria-solos.jpg\"><img loading=\"lazy\" decoding=\"async\" class=\"alignleft size-medium wp-image-25746\" alt=\"06.09 Sinbio plen\u00e1ria solos\" src=\"http:\/\/www.ufla.br\/ascom\/wp-content\/uploads\/2013\/09\/06.09-Sinbio-plen\u00e1ria-solos-249x186.jpg\" width=\"249\" height=\"186\" srcset=\"https:\/\/www.ufla.br\/dcom\/wp-content\/uploads\/2013\/09\/06.09-Sinbio-plen\u00e1ria-solos-249x186.jpg 249w, https:\/\/www.ufla.br\/dcom\/wp-content\/uploads\/2013\/09\/06.09-Sinbio-plen\u00e1ria-solos-612x459.jpg 612w, https:\/\/www.ufla.br\/dcom\/wp-content\/uploads\/2013\/09\/06.09-Sinbio-plen\u00e1ria-solos.jpg 2048w\" sizes=\"auto, (max-width: 249px) 100vw, 249px\" \/><\/a>A Biodiversidade do Solo foi uma das seis tem\u00e1ticas em debate no Simp\u00f3sio Internacional de Biodiversidade, realizado na Universidade Federal de Lavras (UFLA), de 2 a 4 de setembro. O evento permitiu a intera\u00e7\u00e3o de estudantes e pesquisadores, com troca de experi\u00eancias e prospec\u00e7\u00e3o de novas linhas de pesquisa.<\/p>\n<p>Coordenada pela professora F\u00e1tima Moreira, do Departamento de Ci\u00eancia do Solo (DCS), a plen\u00e1ria teve a participa\u00e7\u00e3o de palestrantes de institui\u00e7\u00f5es de diversas regi\u00f5es do Brasil (Instituto Nacional de Pesquisas da Amaz\u00f4nia &#8211; Inpa, Universidade Federal do Rio Grande do Norte &#8211; UFRN, Universidade Federal de Bras\u00edlia &#8211; UNB, Universidade Federal de Vi\u00e7osa &#8211; UFV, Embrapa Agrobiologia e Embrapa Florestas), al\u00e9m da presen\u00e7a do professor Patrick Lavelle, da <i>Universit\u00e9 de Paris<\/i> e membro da Academia de Ci\u00eancias da Fran\u00e7a, com vasta experi\u00eancia profissional em diversos pa\u00edses.<\/p>\n<p>O tema Biodiversidade do Solo foi abordado em 11 palestras, com \u00eanfase em diferentes assuntos como: biodiversidade global, micro-organismos, microfauna, mesofauna e macrofauna e microssimbiontes radiculares. Esses temas foram abordados do ponto de vista taxon\u00f4mico e funcional, ressaltando a import\u00e2ncia da biodiversidade do solo para a sustentabilidade dos ecossistemas e produ\u00e7\u00e3o agr\u00edcola.<\/p>\n<p><b><i>Internacionaliza\u00e7\u00e3o<\/i><\/b><\/p>\n<figure id=\"attachment_25745\" aria-describedby=\"caption-attachment-25745\" style=\"width: 249px\" class=\"wp-caption alignright\"><a href=\"http:\/\/www.ufla.br\/ascom\/wp-content\/uploads\/2013\/09\/06.09-Sinbio-F\u00e1tima-solos.jpg\"><img loading=\"lazy\" decoding=\"async\" class=\" wp-image-25745 \" alt=\"Professora F\u00e1tima Moreira, Patrick Lavelle e o professor Marco Aur\u00e9lio Carneiro\" src=\"http:\/\/www.ufla.br\/ascom\/wp-content\/uploads\/2013\/09\/06.09-Sinbio-F\u00e1tima-solos-249x186.jpg\" width=\"249\" height=\"186\" srcset=\"https:\/\/www.ufla.br\/dcom\/wp-content\/uploads\/2013\/09\/06.09-Sinbio-F\u00e1tima-solos-249x186.jpg 249w, https:\/\/www.ufla.br\/dcom\/wp-content\/uploads\/2013\/09\/06.09-Sinbio-F\u00e1tima-solos-612x459.jpg 612w, https:\/\/www.ufla.br\/dcom\/wp-content\/uploads\/2013\/09\/06.09-Sinbio-F\u00e1tima-solos.jpg 2048w\" sizes=\"auto, (max-width: 249px) 100vw, 249px\" \/><\/a><figcaption id=\"caption-attachment-25745\" class=\"wp-caption-text\">Professora F\u00e1tima Moreira, Patrick Lavelle e o professor Marco Aur\u00e9lio Carneiro<\/figcaption><\/figure>\n<p>Na palestra de abertura, Patrick Lavelle ressaltou a necessidade de uma abordagem hol\u00edstica em fun\u00e7\u00e3o da complexidade, heterogeneidade e din\u00e2mica do ecossistema solo. Pela primeira vez na UFLA, o pesquisador comentou sua experi\u00eancia de parcerias desde 1995 no Brasil, em coopera\u00e7\u00e3o com institui\u00e7\u00f5es de pesquisa e universidades. Em especial, citou sua intera\u00e7\u00e3o com a professora F\u00e1tima Moreira (UFLA), tendo participado em conjunto do <i>Tropical Soil Biology in Fertility Program<\/i>, programa de pesquisa internacional com f\u00f3rum no Qu\u00eania, e tamb\u00e9m da\u00a0<a href=\"http:\/\/www.globalsoilbiodiversity.org\/?q=GSBA-Workshop\"><i>Global Soil Biodiversit Assessment\u00a0<\/i><\/a>(GSBA), iniciativa global que investiga a biodiversidade do solo.<\/p>\n<p>Em sua avalia\u00e7\u00e3o, as apresenta\u00e7\u00f5es no Sinbio foram muito interessantes, com a presen\u00e7a de pesquisadores muito envolvidos e com rica intera\u00e7\u00e3o. Lavelle sinalizou para a possibilidade de amplia\u00e7\u00e3o da coopera\u00e7\u00e3o com mais pesquisadores e sugeriu que os participantes do evento criem um f\u00f3rum permanente de discuss\u00e3o, com vis\u00e3o hol\u00edstica, dos temas que envolvem a biodiversidade. \u201cCom o Sinbio, a UFLA demonstrou que tem muita proje\u00e7\u00e3o e capacidade de buscar financiamentos para novos projetos de pesquisa\u201d, refor\u00e7ou.<\/p>\n<p>Patrick Lavelle fez a palestra de abertura do Sinbio, apresentando o modelo geral do funcionamento do solo, com as especificidades de cada grupo e como eles se interagem.<\/p>\n<p>&nbsp;<\/p>\n<p>&nbsp;<\/p>\n","protected":false},"excerpt":{"rendered":"<p>A Biodiversidade do Solo foi uma das seis tem\u00e1ticas em debate no Simp\u00f3sio Internacional de Biodiversidade, realizado na Universidade Federal de Lavras (UFLA), de 2 a 4 de setembro. O evento permitiu a intera\u00e7\u00e3o de estudantes e pesquisadores, com troca de experi\u00eancias e prospec\u00e7\u00e3o de novas linhas de pesquisa. Coordenada pela professora F\u00e1tima Moreira, do &hellip; <a href=\"https:\/\/www.ufla.br\/dcom\/2013\/09\/06\/biodiversidade-do-solo-esteve-em-debate-durante-simposio-internacional-na-ufla\/\" class=\"more-link\">Continue lendo <span class=\"screen-reader-text\">Biodiversidade do Solo esteve em debate durante simp\u00f3sio internacional na UFLA<\/span> <span class=\"meta-nav\">&rarr;<\/span><\/a><\/p>\n","protected":false},"author":6,"featured_media":0,"comment_status":"closed","ping_status":"closed","sticky":false,"template":"","format":"standard","meta":{"ngg_post_thumbnail":0,"footnotes":""},"categories":[1,10],"tags":[883,860],"class_list":["post-25744","post","type-post","status-publish","format-standard","hentry","category-noticias","category-menores","tag-sinbio","tag-solos"],"_links":{"self":[{"href":"https:\/\/www.ufla.br\/dcom\/wp-json\/wp\/v2\/posts\/25744","targetHints":{"allow":["GET"]}}],"collection":[{"href":"https:\/\/www.ufla.br\/dcom\/wp-json\/wp\/v2\/posts"}],"about":[{"href":"https:\/\/www.ufla.br\/dcom\/wp-json\/wp\/v2\/types\/post"}],"author":[{"embeddable":true,"href":"https:\/\/www.ufla.br\/dcom\/wp-json\/wp\/v2\/users\/6"}],"replies":[{"embeddable":true,"href":"https:\/\/www.ufla.br\/dcom\/wp-json\/wp\/v2\/comments?post=25744"}],"version-history":[{"count":3,"href":"https:\/\/www.ufla.br\/dcom\/wp-json\/wp\/v2\/posts\/25744\/revisions"}],"predecessor-version":[{"id":25883,"href":"https:\/\/www.ufla.br\/dcom\/wp-json\/wp\/v2\/posts\/25744\/revisions\/25883"}],"wp:attachment":[{"href":"https:\/\/www.ufla.br\/dcom\/wp-json\/wp\/v2\/media?parent=25744"}],"wp:term":[{"taxonomy":"category","embeddable":true,"href":"https:\/\/www.ufla.br\/dcom\/wp-json\/wp\/v2\/categories?post=25744"},{"taxonomy":"post_tag","embeddable":true,"href":"https:\/\/www.ufla.br\/dcom\/wp-json\/wp\/v2\/tags?post=25744"}],"curies":[{"name":"wp","href":"https:\/\/api.w.org\/{rel}","templated":true}]}}