{"id":25667,"date":"2013-09-04T09:26:37","date_gmt":"2013-09-04T12:26:37","guid":{"rendered":"http:\/\/www.ufla.br\/ascom\/?p=25667"},"modified":"2013-09-12T09:27:10","modified_gmt":"2013-09-12T12:27:10","slug":"corrida-gammon-ufla-agitou-lavras-no-ultimo-domingo-veja-fotos","status":"publish","type":"post","link":"https:\/\/www.ufla.br\/dcom\/2013\/09\/04\/corrida-gammon-ufla-agitou-lavras-no-ultimo-domingo-veja-fotos\/","title":{"rendered":"Corrida Gammon UFLA agitou Lavras no \u00faltimo domingo \u2013 veja fotos"},"content":{"rendered":"<p><a href=\"http:\/\/www.ufla.br\/ascom\/wp-content\/uploads\/2013\/09\/corrida-gammon-ufla1.jpg\"><img loading=\"lazy\" decoding=\"async\" class=\"alignleft size-medium wp-image-25671\" alt=\"Corrida Gammon UFLA\" src=\"http:\/\/www.ufla.br\/ascom\/wp-content\/uploads\/2013\/09\/corrida-gammon-ufla1-249x189.jpg\" width=\"249\" height=\"189\" srcset=\"https:\/\/www.ufla.br\/dcom\/wp-content\/uploads\/2013\/09\/corrida-gammon-ufla1-249x189.jpg 249w, https:\/\/www.ufla.br\/dcom\/wp-content\/uploads\/2013\/09\/corrida-gammon-ufla1-612x466.jpg 612w, https:\/\/www.ufla.br\/dcom\/wp-content\/uploads\/2013\/09\/corrida-gammon-ufla1.jpg 955w\" sizes=\"auto, (max-width: 249px) 100vw, 249px\" \/><\/a>A segunda edi\u00e7\u00e3o da Corrida Gammon-UFLA, comemora\u00e7\u00e3o conjunta pelo anivers\u00e1rio das duas institui\u00e7\u00f5es, ocorreu em 1\u00ba de setembro. Desportistas de Lavras e regi\u00e3o, especialmente, competiram nas provas de 5 e 10 quil\u00f4metros ou participaram de uma caminhada. Os trajetos tiveram sua partida do Instituto Gammon e passaram pelo c\u00e2mpus da UFLA, tanto o setor hist\u00f3rico quanto o \u201cnovo\u201d.<\/p>\n<p>Nos 5 quil\u00f4metros, Andreia de Lima, Marizete Rezende e Jussara Faria subiram ao p\u00f3dio. Entre os homens, os vencedores da prova foram Wesley S\u00e9rgio, Francisco de Assis e Sidney Alves. J\u00e1 nos 10 quil\u00f4metros, Adriana Domingo, M\u00e1rcia de F\u00e1tima e Lenilce dos Reis foram as primeiras colocadas. Elder Wander, Alberto J\u00fanior e Kleber Felipe formaram o p\u00f3dio masculino dessa prova.<\/p>\n<p>Al\u00e9m das corridas e da caminhada, foi realizada a corrida \u201cKids\u201d, no Instituto Gammon, voltada aos alunos de l\u00e1 e aos filhos de servidores da UFLA.<\/p>\n<p>A Corrida Gammon-UFLA integra o Circuito UFLA de Corridas de Rua. A pr\u00f3xima prova desse circuito \u00e9 a Running in Night, que ser\u00e1 disputada durante a noite de 23 de novembro. Para conferir mais informa\u00e7\u00f5es sobre essa prova e o circuito, acesse: <a href=\"http:\/\/ufla.br\/circuitocorridaufla\/\">http:\/\/ufla.br\/circuitocorridaufla\/<\/a>.<\/p>\n<p>Veja os resultados:<\/p>\n<p><a href=\"http:\/\/www.ufla.br\/ascom\/wp-content\/uploads\/2013\/09\/Resultado-Geral.pdf\">Resultado geral<\/a><\/p>\n<p><a href=\"http:\/\/www.ufla.br\/ascom\/wp-content\/uploads\/2013\/09\/Resultado-Estudante.pdf\">Resultado entre estudantes<\/a><\/p>\n<p><a href=\"http:\/\/www.ufla.br\/ascom\/wp-content\/uploads\/2013\/09\/Resultado-Servidores.pdf\">Resultado entre servidores<\/a><\/p>\n<p>&nbsp;<\/p>\n<h5>Fotos: Cibele Aguiar<\/h5>\nngg_shortcode_0_placeholder\n<h5>Fotos: Mateus Lima<\/h5>\nngg_shortcode_1_placeholder\n<h5>Fotos: Leonardo Assad<\/h5>\nngg_shortcode_2_placeholder\n<p>&nbsp;<\/p>\n","protected":false},"excerpt":{"rendered":"<p>A segunda edi\u00e7\u00e3o da Corrida Gammon-UFLA, comemora\u00e7\u00e3o conjunta pelo anivers\u00e1rio das duas institui\u00e7\u00f5es, ocorreu em 1\u00ba de setembro. Desportistas de Lavras e regi\u00e3o, especialmente, competiram nas provas de 5 e 10 quil\u00f4metros ou participaram de uma caminhada.<\/p>\n","protected":false},"author":8,"featured_media":0,"comment_status":"closed","ping_status":"closed","sticky":false,"template":"","format":"standard","meta":{"ngg_post_thumbnail":0,"footnotes":""},"categories":[1,10],"tags":[898,877,822,733],"class_list":["post-25667","post","type-post","status-publish","format-standard","hentry","category-noticias","category-menores","tag-105-anos","tag-circuito-ufla-de-corridas-de-rua","tag-corrida","tag-corrida-gammon-ufla"],"_links":{"self":[{"href":"https:\/\/www.ufla.br\/dcom\/wp-json\/wp\/v2\/posts\/25667","targetHints":{"allow":["GET"]}}],"collection":[{"href":"https:\/\/www.ufla.br\/dcom\/wp-json\/wp\/v2\/posts"}],"about":[{"href":"https:\/\/www.ufla.br\/dcom\/wp-json\/wp\/v2\/types\/post"}],"author":[{"embeddable":true,"href":"https:\/\/www.ufla.br\/dcom\/wp-json\/wp\/v2\/users\/8"}],"replies":[{"embeddable":true,"href":"https:\/\/www.ufla.br\/dcom\/wp-json\/wp\/v2\/comments?post=25667"}],"version-history":[{"count":4,"href":"https:\/\/www.ufla.br\/dcom\/wp-json\/wp\/v2\/posts\/25667\/revisions"}],"predecessor-version":[{"id":25955,"href":"https:\/\/www.ufla.br\/dcom\/wp-json\/wp\/v2\/posts\/25667\/revisions\/25955"}],"wp:attachment":[{"href":"https:\/\/www.ufla.br\/dcom\/wp-json\/wp\/v2\/media?parent=25667"}],"wp:term":[{"taxonomy":"category","embeddable":true,"href":"https:\/\/www.ufla.br\/dcom\/wp-json\/wp\/v2\/categories?post=25667"},{"taxonomy":"post_tag","embeddable":true,"href":"https:\/\/www.ufla.br\/dcom\/wp-json\/wp\/v2\/tags?post=25667"}],"curies":[{"name":"wp","href":"https:\/\/api.w.org\/{rel}","templated":true}]}}