{"id":25639,"date":"2013-09-03T14:52:10","date_gmt":"2013-09-03T17:52:10","guid":{"rendered":"http:\/\/www.ufla.br\/ascom\/?p=25639"},"modified":"2013-09-09T08:47:26","modified_gmt":"2013-09-09T11:47:26","slug":"equipe-de-ginastica-aerobica-da-ufla-e-2o-lugar-no-estadual","status":"publish","type":"post","link":"https:\/\/www.ufla.br\/dcom\/2013\/09\/03\/equipe-de-ginastica-aerobica-da-ufla-e-2o-lugar-no-estadual\/","title":{"rendered":"Equipe de gin\u00e1stica aer\u00f3bica da UFLA conquista o ouro em todas as provas nas quais competiu, no Estadual"},"content":{"rendered":"<p><a href=\"http:\/\/www.ufla.br\/ascom\/wp-content\/uploads\/2013\/09\/gin\u00e1stica-aer\u00f3bica.jpeg\"><img loading=\"lazy\" decoding=\"async\" class=\"alignleft size-medium wp-image-25640\" alt=\"gin\u00e1stica aer\u00f3bica\" src=\"http:\/\/www.ufla.br\/ascom\/wp-content\/uploads\/2013\/09\/gin\u00e1stica-aer\u00f3bica-249x186.jpeg\" width=\"249\" height=\"186\" srcset=\"https:\/\/www.ufla.br\/dcom\/wp-content\/uploads\/2013\/09\/gin\u00e1stica-aer\u00f3bica-249x186.jpeg 249w, https:\/\/www.ufla.br\/dcom\/wp-content\/uploads\/2013\/09\/gin\u00e1stica-aer\u00f3bica-612x459.jpeg 612w, https:\/\/www.ufla.br\/dcom\/wp-content\/uploads\/2013\/09\/gin\u00e1stica-aer\u00f3bica.jpeg 1632w\" sizes=\"auto, (max-width: 249px) 100vw, 249px\" \/><\/a>No \u00faltimo dia 31, os atletas de gin\u00e1stica aer\u00f3bica da UFLA competiram no Campeonato Estadual de Gin\u00e1stica Aer\u00f3bica 2013, em Belo Horizonte (Escola de Educa\u00e7\u00e3o F\u00edsica, Fisioterapia e Terapia Ocupacional da UFMG). A equipe teve competidores em cinco provas, conquistando o ouro em todas elas \u2013 com isso, a Universidade ficou com o segundo lugar geral, ficando a apenas um ponto da primeira colocada.<\/p>\n<p>As medalhas vieram nas categorias: Grupo Adulto (Christian Andrade, Jos\u00e9 Henrique Oliveira, Lucas Mendon\u00e7a, Maelton Mesquita e Marcelo Martins); Individual Feminino Adulto (Let\u00edcia Dias); Dupla Adulta (Christian Andrade e Let\u00edcia Dias); Trio Adulto (Jos\u00e9 Henrique Oliveira, Maelton Mesquita e Marcelo Martins); e Trio Infanto Juvenil (J\u00falia Dias, Milena Penido e Raphaela Azevedo).<\/p>\n<p>Al\u00e9m dos ginastas, a equipe foi composta pelos professores Luiz Henrique Maciel e L\u00edvia Pacheco (ambos t\u00e9cnicos e \u00e1rbitros) e pela discente do Bacharelado em Educa\u00e7\u00e3o F\u00edsica Wanda Mesquita, auxiliar t\u00e9cnica.<\/p>\n<p>&nbsp;<\/p>\n","protected":false},"excerpt":{"rendered":"<p>No \u00faltimo dia 31, os atletas de gin\u00e1stica aer\u00f3bica da UFLA competiram no Campeonato Estadual de Gin\u00e1stica Aer\u00f3bica 2013, em Belo Horizonte (Escola de Educa\u00e7\u00e3o F\u00edsica, Fisioterapia e Terapia Ocupacional da UFMG). A equipe teve competidores em cinco provas, conquistando o ouro em todas elas \u2013 com isso, a Universidade ficou com o segundo lugar &hellip; <a href=\"https:\/\/www.ufla.br\/dcom\/2013\/09\/03\/equipe-de-ginastica-aerobica-da-ufla-e-2o-lugar-no-estadual\/\" class=\"more-link\">Continue lendo <span class=\"screen-reader-text\">Equipe de gin\u00e1stica aer\u00f3bica da UFLA conquista o ouro em todas as provas nas quais competiu, no Estadual<\/span> <span class=\"meta-nav\">&rarr;<\/span><\/a><\/p>\n","protected":false},"author":8,"featured_media":0,"comment_status":"closed","ping_status":"closed","sticky":false,"template":"","format":"standard","meta":{"ngg_post_thumbnail":0,"footnotes":""},"categories":[1,10],"tags":[426],"class_list":["post-25639","post","type-post","status-publish","format-standard","hentry","category-noticias","category-menores","tag-ginastica-aerobica"],"_links":{"self":[{"href":"https:\/\/www.ufla.br\/dcom\/wp-json\/wp\/v2\/posts\/25639","targetHints":{"allow":["GET"]}}],"collection":[{"href":"https:\/\/www.ufla.br\/dcom\/wp-json\/wp\/v2\/posts"}],"about":[{"href":"https:\/\/www.ufla.br\/dcom\/wp-json\/wp\/v2\/types\/post"}],"author":[{"embeddable":true,"href":"https:\/\/www.ufla.br\/dcom\/wp-json\/wp\/v2\/users\/8"}],"replies":[{"embeddable":true,"href":"https:\/\/www.ufla.br\/dcom\/wp-json\/wp\/v2\/comments?post=25639"}],"version-history":[{"count":4,"href":"https:\/\/www.ufla.br\/dcom\/wp-json\/wp\/v2\/posts\/25639\/revisions"}],"predecessor-version":[{"id":25643,"href":"https:\/\/www.ufla.br\/dcom\/wp-json\/wp\/v2\/posts\/25639\/revisions\/25643"}],"wp:attachment":[{"href":"https:\/\/www.ufla.br\/dcom\/wp-json\/wp\/v2\/media?parent=25639"}],"wp:term":[{"taxonomy":"category","embeddable":true,"href":"https:\/\/www.ufla.br\/dcom\/wp-json\/wp\/v2\/categories?post=25639"},{"taxonomy":"post_tag","embeddable":true,"href":"https:\/\/www.ufla.br\/dcom\/wp-json\/wp\/v2\/tags?post=25639"}],"curies":[{"name":"wp","href":"https:\/\/api.w.org\/{rel}","templated":true}]}}