{"id":25562,"date":"2013-09-02T10:43:53","date_gmt":"2013-09-02T13:43:53","guid":{"rendered":"http:\/\/www.ufla.br\/ascom\/?p=25562"},"modified":"2013-09-06T08:56:45","modified_gmt":"2013-09-06T11:56:45","slug":"concurso-literario-ufla-premiou-vencedores-edicoes-2012-2013","status":"publish","type":"post","link":"https:\/\/www.ufla.br\/dcom\/2013\/09\/02\/concurso-literario-ufla-premiou-vencedores-edicoes-2012-2013\/","title":{"rendered":"Concurso Liter\u00e1rio UFLA premiou vencedores das edi\u00e7\u00f5es 2012 e 2013"},"content":{"rendered":"<p><a href=\"http:\/\/www.ufla.br\/ascom\/wp-content\/uploads\/2013\/09\/Concurso-Liter\u00e1rio-vencedores.jpg\"><img loading=\"lazy\" decoding=\"async\" class=\"alignleft size-medium wp-image-25564\" alt=\"Concurso Liter\u00e1rio vencedores\" src=\"http:\/\/www.ufla.br\/ascom\/wp-content\/uploads\/2013\/09\/Concurso-Liter\u00e1rio-vencedores-249x166.jpg\" width=\"249\" height=\"166\" srcset=\"https:\/\/www.ufla.br\/dcom\/wp-content\/uploads\/2013\/09\/Concurso-Liter\u00e1rio-vencedores-249x166.jpg 249w, https:\/\/www.ufla.br\/dcom\/wp-content\/uploads\/2013\/09\/Concurso-Liter\u00e1rio-vencedores-612x408.jpg 612w, https:\/\/www.ufla.br\/dcom\/wp-content\/uploads\/2013\/09\/Concurso-Liter\u00e1rio-vencedores.jpg 1024w\" sizes=\"auto, (max-width: 249px) 100vw, 249px\" \/><\/a>Os autores das obras premiadas nos concursos liter\u00e1rios da UFLA 2012 e 2013 encontraram-se nesse domingo (1\u00ba\/9), na Casa da Cultura de Lavras. L\u00e1, houve a premia\u00e7\u00e3o dos textos de 2012, com a entrega do livro contendo os textos vencedores; e a divulga\u00e7\u00e3o dos resultados do concurso de 2013, com exposi\u00e7\u00e3o das obras e entrega de certificado aos autores selecionados. O momento integrou a II Feira do Livro e das Letras de Lavras, bem como a programa\u00e7\u00e3o da Semana de Ci\u00eancia, Cultura e Arte da UFLA.<\/p>\n<p><a href=\"http:\/\/www.ufla.br\/ascom\/wp-content\/uploads\/2013\/09\/Concurso-Liter\u00e1rio-exposi\u00e7\u00e3o.jpg\"><img loading=\"lazy\" decoding=\"async\" class=\"alignright size-medium wp-image-25565\" alt=\"Concurso Liter\u00e1rio - exposi\u00e7\u00e3o\" src=\"http:\/\/www.ufla.br\/ascom\/wp-content\/uploads\/2013\/09\/Concurso-Liter\u00e1rio-exposi\u00e7\u00e3o-249x166.jpg\" width=\"249\" height=\"166\" srcset=\"https:\/\/www.ufla.br\/dcom\/wp-content\/uploads\/2013\/09\/Concurso-Liter\u00e1rio-exposi\u00e7\u00e3o-249x166.jpg 249w, https:\/\/www.ufla.br\/dcom\/wp-content\/uploads\/2013\/09\/Concurso-Liter\u00e1rio-exposi\u00e7\u00e3o-612x408.jpg 612w, https:\/\/www.ufla.br\/dcom\/wp-content\/uploads\/2013\/09\/Concurso-Liter\u00e1rio-exposi\u00e7\u00e3o.jpg 1024w\" sizes=\"auto, (max-width: 249px) 100vw, 249px\" \/><\/a>O professor Silv\u00e9rio Jos\u00e9 Coelho, coordenador de Cultura da UFLA, ressaltou a iniciativa da Universidade em promover um concurso liter\u00e1rio e o aumento do n\u00famero de obras inscritas: \u201cForam recebidos mais de 500 textos e poemas, inclusive de pa\u00edses de l\u00edngua portuguesa da \u00c1frica e de Portugal, Jap\u00e3o e Dinamarca, entre outros pa\u00edses. Em compara\u00e7\u00e3o com a primeira edi\u00e7\u00e3o, o n\u00famero de obras inscritas dobrou\u201d.<\/p>\n<p>O Concurso Liter\u00e1rio tem como objetivo incentivar a produ\u00e7\u00e3o de poemas em versos e contos, despertar o gosto por esses g\u00eaneros liter\u00e1rios e descobrir novos talentos, valorizando seus trabalhos. A premia\u00e7\u00e3o ocorre em tr\u00eas categorias, nas modalidades contos e poemas: Alunos Participantes do Pibid (ensino fundamental e m\u00e9dio); Ensino Superior (alunos de gradua\u00e7\u00e3o e de p\u00f3s-gradua\u00e7\u00e3o e docentes); e Comunidade.<\/p>\n<p><a href=\"http:\/\/www.ufla.br\/ascom\/wp-content\/uploads\/2013\/09\/RESULTADO-DO-CONCURSO-LITER\u00c1RIO-UFLA-2013.pdf\">Confira a lista dos vencedores da edi\u00e7\u00e3o 2013 aqui<\/a>.<\/p>\n<p>&nbsp;<\/p>\n","protected":false},"excerpt":{"rendered":"<p>Os autores das obras premiadas nos concursos liter\u00e1rios da UFLA 2012 e 2013 encontraram-se nesse domingo (1\u00ba\/9), na Casa da Cultura de Lavras. L\u00e1, houve a premia\u00e7\u00e3o dos textos de 2012, com a entrega do livro contendo os textos vencedores; e a divulga\u00e7\u00e3o dos resultados do concurso de 2013, com exposi\u00e7\u00e3o das obras e entrega &hellip; <a href=\"https:\/\/www.ufla.br\/dcom\/2013\/09\/02\/concurso-literario-ufla-premiou-vencedores-edicoes-2012-2013\/\" class=\"more-link\">Continue lendo <span class=\"screen-reader-text\">Concurso Liter\u00e1rio UFLA premiou vencedores das edi\u00e7\u00f5es 2012 e 2013<\/span> <span class=\"meta-nav\">&rarr;<\/span><\/a><\/p>\n","protected":false},"author":8,"featured_media":0,"comment_status":"closed","ping_status":"closed","sticky":false,"template":"","format":"standard","meta":{"ngg_post_thumbnail":0,"footnotes":""},"categories":[1,10],"tags":[663],"class_list":["post-25562","post","type-post","status-publish","format-standard","hentry","category-noticias","category-menores","tag-concurso-literario"],"_links":{"self":[{"href":"https:\/\/www.ufla.br\/dcom\/wp-json\/wp\/v2\/posts\/25562","targetHints":{"allow":["GET"]}}],"collection":[{"href":"https:\/\/www.ufla.br\/dcom\/wp-json\/wp\/v2\/posts"}],"about":[{"href":"https:\/\/www.ufla.br\/dcom\/wp-json\/wp\/v2\/types\/post"}],"author":[{"embeddable":true,"href":"https:\/\/www.ufla.br\/dcom\/wp-json\/wp\/v2\/users\/8"}],"replies":[{"embeddable":true,"href":"https:\/\/www.ufla.br\/dcom\/wp-json\/wp\/v2\/comments?post=25562"}],"version-history":[{"count":3,"href":"https:\/\/www.ufla.br\/dcom\/wp-json\/wp\/v2\/posts\/25562\/revisions"}],"predecessor-version":[{"id":25729,"href":"https:\/\/www.ufla.br\/dcom\/wp-json\/wp\/v2\/posts\/25562\/revisions\/25729"}],"wp:attachment":[{"href":"https:\/\/www.ufla.br\/dcom\/wp-json\/wp\/v2\/media?parent=25562"}],"wp:term":[{"taxonomy":"category","embeddable":true,"href":"https:\/\/www.ufla.br\/dcom\/wp-json\/wp\/v2\/categories?post=25562"},{"taxonomy":"post_tag","embeddable":true,"href":"https:\/\/www.ufla.br\/dcom\/wp-json\/wp\/v2\/tags?post=25562"}],"curies":[{"name":"wp","href":"https:\/\/api.w.org\/{rel}","templated":true}]}}