{"id":25555,"date":"2013-09-03T11:05:39","date_gmt":"2013-09-03T14:05:39","guid":{"rendered":"http:\/\/www.ufla.br\/ascom\/?p=25555"},"modified":"2013-09-05T14:56:03","modified_gmt":"2013-09-05T17:56:03","slug":"ingressos-para-os-shows-do-oswaldo-montenegro-e-gilberto-gil-ainda-podem-ser-trocados","status":"publish","type":"post","link":"https:\/\/www.ufla.br\/dcom\/2013\/09\/03\/ingressos-para-os-shows-do-oswaldo-montenegro-e-gilberto-gil-ainda-podem-ser-trocados\/","title":{"rendered":"Hoje tem show com Oswaldo Montenegro na UFLA &#8211; Ingressos ainda podem ser trocados"},"content":{"rendered":"<p><a href=\"http:\/\/www.ufla.br\/ascom\/wp-content\/uploads\/2013\/08\/site.jpg\"><img loading=\"lazy\" decoding=\"async\" class=\"alignright size-medium wp-image-25028\" alt=\"site\" src=\"http:\/\/www.ufla.br\/ascom\/wp-content\/uploads\/2013\/08\/site-249x172.jpg\" width=\"249\" height=\"172\" srcset=\"https:\/\/www.ufla.br\/dcom\/wp-content\/uploads\/2013\/08\/site-249x172.jpg 249w, https:\/\/www.ufla.br\/dcom\/wp-content\/uploads\/2013\/08\/site-612x424.jpg 612w, https:\/\/www.ufla.br\/dcom\/wp-content\/uploads\/2013\/08\/site.jpg 1974w\" sizes=\"auto, (max-width: 249px) 100vw, 249px\" \/><\/a>Depois do show dos Paralamas do Sucesso, que atraiu um p\u00fablico de cerca de 15 mil pessoas, na sexta-feira (30), no Est\u00e1dio da UFLA, nesta semana a Universidade apresenta os shows do Oswaldo Montenegro, nesta ter\u00e7a-feira (3\/9) e, na quinta-feira (5\/9), Gilberto Gil sobe ao palco da UFLA. Os shows ser\u00e3o realizados no Est\u00e1dio da UFLA, \u00e0s 21 horas. \u00a0Eles fazem parte da programa\u00e7\u00e3o da Semana de Ci\u00eancia, Cultura e Arte, que\u00a0comemora 105 anos de atua\u00e7\u00e3o na \u00e1rea do ensino, pesquisa e extens\u00e3o.<\/p>\n<p>A entrada nos shows ser\u00e1 mediante a troca de produtos n\u00e3o perec\u00edveis, que ser\u00e3o doados a 15 entidades filantr\u00f3picas de Lavras e regi\u00e3o: Lar Augusto Silva (Asilo), Fazendinha Senhor Jesus; Casa do Vov\u00f4; Centro Esp\u00edrita Augusto Silva; Centro Esp\u00edrita Fraternidade; Esquadr\u00e3o da Vida; Associa\u00e7\u00e3o Beneficente Evang\u00e9lica de Lavras; Casa de Transforma\u00e7\u00e3o Bet\u00e2nia; Casa Eterna Miseric\u00f3rdia; Grupo Ghirassol; Sociedade S\u00e3o Vicente de Paulo; Festa da Crian\u00e7a \u2013 O Vagalume; Lar e Vida; Sociedade Esp\u00edrita Ismael, Centro Esp\u00edrita Alan Kardec,\u00a0Centro Esp\u00edrita da Prece e Apae Lavras.<\/p>\n<p>Para retirar o ingresso, basta levar os produtos (confira a rela\u00e7\u00e3o abaixo) ao anfiteatro da Pr\u00f3-Reitoria de Assuntos Estudantis e Comunit\u00e1rios (Praec), a partir de ter\u00e7a-feira (20), das 8 \u00e0s 11 horas, das 14 \u00e0s 17 horas e das 19 \u00e0s 21 horas. Ser\u00e1 necess\u00e1ria a apresenta\u00e7\u00e3o de documento para a retirada dos ingressos e cada pessoa poder\u00e1 retirar o limite de cinco ingressos para cada show.<\/p>\n<p>2 kg de alimentos n\u00e3o perec\u00edveis (exceto sal, fub\u00e1 e trigo) e (prefer\u00eancia caf\u00e9 e macarr\u00e3o) = 1 ingresso<\/p>\n<p>Fralda geri\u00e1trica = 3 ingressos<\/p>\n<p>Lata de leite em p\u00f3 = 2 ingressos<\/p>\n<p>&nbsp;<\/p>\n<p>&nbsp;<\/p>\n","protected":false},"excerpt":{"rendered":"<p>Depois do show dos Paralamas do Sucesso, que atraiu um p\u00fablico de cerca de 15 mil pessoas, na sexta-feira (30), no Est\u00e1dio da UFLA, nesta semana a Universidade apresenta os shows do Oswaldo Montenegro (&#8230;)<\/p>\n","protected":false},"author":6,"featured_media":0,"comment_status":"closed","ping_status":"closed","sticky":false,"template":"","format":"standard","meta":{"ngg_post_thumbnail":0,"footnotes":""},"categories":[1],"tags":[],"class_list":["post-25555","post","type-post","status-publish","format-standard","hentry","category-noticias"],"_links":{"self":[{"href":"https:\/\/www.ufla.br\/dcom\/wp-json\/wp\/v2\/posts\/25555","targetHints":{"allow":["GET"]}}],"collection":[{"href":"https:\/\/www.ufla.br\/dcom\/wp-json\/wp\/v2\/posts"}],"about":[{"href":"https:\/\/www.ufla.br\/dcom\/wp-json\/wp\/v2\/types\/post"}],"author":[{"embeddable":true,"href":"https:\/\/www.ufla.br\/dcom\/wp-json\/wp\/v2\/users\/6"}],"replies":[{"embeddable":true,"href":"https:\/\/www.ufla.br\/dcom\/wp-json\/wp\/v2\/comments?post=25555"}],"version-history":[{"count":7,"href":"https:\/\/www.ufla.br\/dcom\/wp-json\/wp\/v2\/posts\/25555\/revisions"}],"predecessor-version":[{"id":25710,"href":"https:\/\/www.ufla.br\/dcom\/wp-json\/wp\/v2\/posts\/25555\/revisions\/25710"}],"wp:attachment":[{"href":"https:\/\/www.ufla.br\/dcom\/wp-json\/wp\/v2\/media?parent=25555"}],"wp:term":[{"taxonomy":"category","embeddable":true,"href":"https:\/\/www.ufla.br\/dcom\/wp-json\/wp\/v2\/categories?post=25555"},{"taxonomy":"post_tag","embeddable":true,"href":"https:\/\/www.ufla.br\/dcom\/wp-json\/wp\/v2\/tags?post=25555"}],"curies":[{"name":"wp","href":"https:\/\/api.w.org\/{rel}","templated":true}]}}