{"id":25506,"date":"2013-09-04T09:00:49","date_gmt":"2013-09-04T12:00:49","guid":{"rendered":"http:\/\/www.ufla.br\/ascom\/?p=25506"},"modified":"2013-09-05T07:58:30","modified_gmt":"2013-09-05T10:58:30","slug":"prazo-inscricao-submissao-resumos-congressos-prorrogado-49","status":"publish","type":"post","link":"https:\/\/www.ufla.br\/dcom\/2013\/09\/04\/prazo-inscricao-submissao-resumos-congressos-prorrogado-49\/","title":{"rendered":"Prazo de inscri\u00e7\u00e3o e submiss\u00e3o de resumos para os congressos da UFLA foi prorrogado para 4\/9"},"content":{"rendered":"<p><a href=\"http:\/\/www.ufla.br\/ascom\/wp-content\/uploads\/2013\/08\/congressos-site.jpg\"><img loading=\"lazy\" decoding=\"async\" class=\"alignleft size-medium wp-image-24696\" alt=\"Ciufla, Conex e Congresso de P\u00f3s-gradua\u00e7\u00e3o\" src=\"http:\/\/www.ufla.br\/ascom\/wp-content\/uploads\/2013\/08\/congressos-site-249x168.jpg\" width=\"249\" height=\"168\" srcset=\"https:\/\/www.ufla.br\/dcom\/wp-content\/uploads\/2013\/08\/congressos-site-249x168.jpg 249w, https:\/\/www.ufla.br\/dcom\/wp-content\/uploads\/2013\/08\/congressos-site.jpg 400w\" sizes=\"auto, (max-width: 249px) 100vw, 249px\" \/><\/a>A Pr\u00f3-Reitoria de Pesquisa da UFLA (<a href=\"http:\/\/www.prp.ufla.br\/\">PRP<\/a>) informa que os prazos para inscri\u00e7\u00f5es e submiss\u00e3o de resumos para os congressos (Ciufla, Conex e da P\u00f3s-Gradua\u00e7\u00e3o) foram prorrogados: os interessados podem se inscrever e enviar resumos at\u00e9 a pr\u00f3xima quarta-feira, 4 de setembro.<\/p>\n<p>Nesta edi\u00e7\u00e3o, os tr\u00eas congressos ser\u00e3o realizados simultaneamente, integrando o evento: \u201cEnsino, Pesquisa e Extens\u00e3o: qualidade de vida e inclus\u00e3o social\u201d, de 14 a 18 de outubro de 2013. O t\u00edtulo traz os temas que ser\u00e3o debatidos durante o evento, por meio de palestras, minicursos e apresenta\u00e7\u00e3o da pesquisa gerada na UFLA e dos projetos de extens\u00e3o.<\/p>\n<p><b>XXVI\u00a0Ciufla \u2013<\/b>\u00a0O Congresso de Inicia\u00e7\u00e3o Cient\u00edfica tem como principal objetivo a divulga\u00e7\u00e3o dos resultados das pesquisas desenvolvidas pelos graduandos da UFLA. Participam do congresso todos os estudantes vinculados a programas de inicia\u00e7\u00e3o cient\u00edfica (Pibic\/CNPq, Pibic\/Fapemig, Pibic\/UFLA, Pivic\/UFLA, Pibiti\/CNPq e Jovens Talentos para a Ci\u00eancia), bem como bolsistas de projetos aprovados nas ag\u00eancias de fomento e estudantes do ensino m\u00e9dio das escolas p\u00fablicas de Lavras, ligados ao Programa BIC J\u00fanior. Todos est\u00e3o convocados para a apresenta\u00e7\u00e3o de seus trabalhos.<\/p>\n<p>No evento, os programas de inicia\u00e7\u00e3o cient\u00edfica da Universidade ser\u00e3o avaliados por um Comit\u00ea Externo e por um Comit\u00ea Interno, constitu\u00eddo por docentes e pesquisadores com experi\u00eancia em atividades de pesquisa.<\/p>\n<p><b>VIII Conex \u2013<\/b>\u00a0No Congresso de Extens\u00e3o, os projetos desenvolvidos na UFLA e seus resultados s\u00e3o apresentados \u00e0 comunidade acad\u00eamica, a fim de promover atividades de ensino e pesquisa associadas a a\u00e7\u00f5es de extens\u00e3o. Al\u00e9m disso, o Conex contar\u00e1 com novidades em diversas \u00e1reas, bem como palestras, minicursos e outras inova\u00e7\u00f5es que contemplam os interesses de docentes, discentes, t\u00e9cnicos administrativos e da popula\u00e7\u00e3o de Lavras e regi\u00e3o.<\/p>\n<p><b>XXII Congresso de P\u00f3s-Gradua\u00e7\u00e3o \u2013<\/b>\u00a0Promovido pela Associa\u00e7\u00e3o dos P\u00f3s-Graduandos da UFLA (<a href=\"http:\/\/www.apg.ufla.br\/\">APG<\/a>) e Pr\u00f3-Reitoria de P\u00f3s-Gradua\u00e7\u00e3o (<a href=\"http:\/\/www.prpg.ufla.br\/\">PRPG<\/a>), o congresso apresentar\u00e1 \u00e0 comunidade acad\u00eamica uma vis\u00e3o da p\u00f3s-gradua\u00e7\u00e3o no \u00e2mbito pol\u00edtico-profissional, por meio de palestras sobre o tema: \u201cP\u00f3s-gradua\u00e7\u00e3o: constru\u00e7\u00e3o cient\u00edfica, curricular ou pessoal?\u201d.<\/p>\n<p>&nbsp;<\/p>\n<p>Para se inscrever, visualizar a programa\u00e7\u00e3o e outros detalhes dos congressos acesse:\u00a0<a href=\"http:\/\/ufla.br\/congressos\/\">http:\/\/ufla.br\/congressos\/<\/a>.<\/p>\n<p>&nbsp;<\/p>\n","protected":false},"excerpt":{"rendered":"<p>A Pr\u00f3-Reitoria de Pesquisa da UFLA (PRP) informa que os prazos para inscri\u00e7\u00f5es e submiss\u00e3o de resumos para os congressos (Ciufla, Conex e da P\u00f3s-Gradua\u00e7\u00e3o) foram prorrogados: os interessados podem se inscrever e enviar resumos at\u00e9 a pr\u00f3xima quarta-feira, 4 de setembro. Nesta edi\u00e7\u00e3o, os tr\u00eas congressos ser\u00e3o realizados simultaneamente, integrando o evento: \u201cEnsino, Pesquisa &hellip; <a href=\"https:\/\/www.ufla.br\/dcom\/2013\/09\/04\/prazo-inscricao-submissao-resumos-congressos-prorrogado-49\/\" class=\"more-link\">Continue lendo <span class=\"screen-reader-text\">Prazo de inscri\u00e7\u00e3o e submiss\u00e3o de resumos para os congressos da UFLA foi prorrogado para 4\/9<\/span> <span class=\"meta-nav\">&rarr;<\/span><\/a><\/p>\n","protected":false},"author":8,"featured_media":0,"comment_status":"closed","ping_status":"closed","sticky":false,"template":"","format":"standard","meta":{"ngg_post_thumbnail":0,"footnotes":""},"categories":[1],"tags":[507,482,382],"class_list":["post-25506","post","type-post","status-publish","format-standard","hentry","category-noticias","tag-ciufla","tag-conex","tag-congressos"],"_links":{"self":[{"href":"https:\/\/www.ufla.br\/dcom\/wp-json\/wp\/v2\/posts\/25506","targetHints":{"allow":["GET"]}}],"collection":[{"href":"https:\/\/www.ufla.br\/dcom\/wp-json\/wp\/v2\/posts"}],"about":[{"href":"https:\/\/www.ufla.br\/dcom\/wp-json\/wp\/v2\/types\/post"}],"author":[{"embeddable":true,"href":"https:\/\/www.ufla.br\/dcom\/wp-json\/wp\/v2\/users\/8"}],"replies":[{"embeddable":true,"href":"https:\/\/www.ufla.br\/dcom\/wp-json\/wp\/v2\/comments?post=25506"}],"version-history":[{"count":6,"href":"https:\/\/www.ufla.br\/dcom\/wp-json\/wp\/v2\/posts\/25506\/revisions"}],"predecessor-version":[{"id":25510,"href":"https:\/\/www.ufla.br\/dcom\/wp-json\/wp\/v2\/posts\/25506\/revisions\/25510"}],"wp:attachment":[{"href":"https:\/\/www.ufla.br\/dcom\/wp-json\/wp\/v2\/media?parent=25506"}],"wp:term":[{"taxonomy":"category","embeddable":true,"href":"https:\/\/www.ufla.br\/dcom\/wp-json\/wp\/v2\/categories?post=25506"},{"taxonomy":"post_tag","embeddable":true,"href":"https:\/\/www.ufla.br\/dcom\/wp-json\/wp\/v2\/tags?post=25506"}],"curies":[{"name":"wp","href":"https:\/\/api.w.org\/{rel}","templated":true}]}}