{"id":25396,"date":"2013-09-06T16:42:10","date_gmt":"2013-09-06T19:42:10","guid":{"rendered":"http:\/\/www.ufla.br\/ascom\/?p=25396"},"modified":"2013-09-10T10:47:37","modified_gmt":"2013-09-10T13:47:37","slug":"congresso-brasileiro-marcara-25o-aniversario-pos-graduacao-fisiologia-vegetal","status":"publish","type":"post","link":"https:\/\/www.ufla.br\/dcom\/2013\/09\/06\/congresso-brasileiro-marcara-25o-aniversario-pos-graduacao-fisiologia-vegetal\/","title":{"rendered":"Congresso Brasileiro marcar\u00e1 25\u00ba anivers\u00e1rio da p\u00f3s-gradua\u00e7\u00e3o em Fisiologia Vegetal"},"content":{"rendered":"<p><a href=\"http:\/\/www.ufla.br\/ascom\/wp-content\/uploads\/2013\/08\/congresso-fisiologia-vegetal1.jpg\"><img loading=\"lazy\" decoding=\"async\" class=\"alignleft size-medium wp-image-25397\" alt=\"congresso brasileiro fisiologia vegetal\" src=\"http:\/\/www.ufla.br\/ascom\/wp-content\/uploads\/2013\/08\/congresso-fisiologia-vegetal1-249x215.jpg\" width=\"249\" height=\"215\" srcset=\"https:\/\/www.ufla.br\/dcom\/wp-content\/uploads\/2013\/08\/congresso-fisiologia-vegetal1-249x215.jpg 249w, https:\/\/www.ufla.br\/dcom\/wp-content\/uploads\/2013\/08\/congresso-fisiologia-vegetal1-612x529.jpg 612w, https:\/\/www.ufla.br\/dcom\/wp-content\/uploads\/2013\/08\/congresso-fisiologia-vegetal1.jpg 864w\" sizes=\"auto, (max-width: 249px) 100vw, 249px\" \/><\/a>O XIV Congresso Brasileiro de Fisiologia Vegetal ser\u00e1 realizado em Po\u00e7os de Caldas (Sul de Minas Gerais), de 9 a 12 de setembro. A UFLA, no entanto, tem ao menos duas raz\u00f5es para dizer que os participantes desse evento se sentir\u00e3o \u201cem casa\u201d: uma delas \u00e9 que o congresso est\u00e1 sendo organizado por uma comiss\u00e3o de docentes da Universidade Federal de Lavras \u2013 Jos\u00e9 Donizeti Alves (presidente), Luiz Edson Mota de Oliveira (vice-presidente), Amauri Alves de Alvarenga (secret\u00e1rio) e Jo\u00e3o Paulo Rodrigues Alves Delfino Barbosa (tesoureiro).<\/p>\n<p>Outra \u00e9 que o evento marca o 25\u00ba anivers\u00e1rio do <a href=\"http:\/\/www.prpg.ufla.br\/fisiologia\/\">Programa de P\u00f3s-Gradua\u00e7\u00e3o em Fisiologia Vegetal<\/a> da UFLA. \u201cO curso mant\u00e9m posi\u00e7\u00e3o de destaque nacional nas pesquisas dessa \u00e1rea e \u00e9 um orgulho participar desse momento\u201d, declarou o professor Jos\u00e9 Donizeti Alves.<\/p>\n<p>A comemora\u00e7\u00e3o dos 25 anos do Programa ser\u00e1 de alto n\u00edvel: a programa\u00e7\u00e3o do congresso conta com palestras de renomados pesquisadores nacionais e internacionais, que atualizar\u00e3o os participantes sobre temas que v\u00e3o desde o panorama da \u00e1rea a aspectos detalhados da Fisiologia Vegetal, como fotoss\u00edntese e DNA. O palestrante de abertura \u00e9 o professor Lincoln Taiz, da <i>University of California<\/i>, autor de famosos livros na \u00e1rea. Al\u00e9m das palestras, constituem a programa\u00e7\u00e3o: minicursos, debates, mesas-redondas e apresenta\u00e7\u00f5es de p\u00f4steres.<\/p>\n<p>As inscri\u00e7\u00f5es ainda est\u00e3o abertas e podem ser feitas pelo site do evento: <a href=\"http:\/\/www.cbfv2013.com.br\/\">www.cbfv2013.com.br<\/a>. No endere\u00e7o, a programa\u00e7\u00e3o e outros detalhes sobre o Congresso podem ser conferidos.<\/p>\n<p>&nbsp;<\/p>\n","protected":false},"excerpt":{"rendered":"<p>O XIV Congresso Brasileiro de Fisiologia Vegetal ser\u00e1 realizado em Po\u00e7os de Caldas (Sul de Minas Gerais), de 9 a 12 de setembro. A UFLA, no entanto, tem ao menos duas raz\u00f5es para dizer que os participantes desse evento se sentir\u00e3o \u201cem casa\u201d: uma delas \u00e9 que o congresso est\u00e1 sendo organizado por uma comiss\u00e3o &hellip; <a href=\"https:\/\/www.ufla.br\/dcom\/2013\/09\/06\/congresso-brasileiro-marcara-25o-aniversario-pos-graduacao-fisiologia-vegetal\/\" class=\"more-link\">Continue lendo <span class=\"screen-reader-text\">Congresso Brasileiro marcar\u00e1 25\u00ba anivers\u00e1rio da p\u00f3s-gradua\u00e7\u00e3o em Fisiologia Vegetal<\/span> <span class=\"meta-nav\">&rarr;<\/span><\/a><\/p>\n","protected":false},"author":8,"featured_media":0,"comment_status":"closed","ping_status":"closed","sticky":false,"template":"","format":"standard","meta":{"ngg_post_thumbnail":0,"footnotes":""},"categories":[1],"tags":[906],"class_list":["post-25396","post","type-post","status-publish","format-standard","hentry","category-noticias","tag-fisiologia-vegetal"],"_links":{"self":[{"href":"https:\/\/www.ufla.br\/dcom\/wp-json\/wp\/v2\/posts\/25396","targetHints":{"allow":["GET"]}}],"collection":[{"href":"https:\/\/www.ufla.br\/dcom\/wp-json\/wp\/v2\/posts"}],"about":[{"href":"https:\/\/www.ufla.br\/dcom\/wp-json\/wp\/v2\/types\/post"}],"author":[{"embeddable":true,"href":"https:\/\/www.ufla.br\/dcom\/wp-json\/wp\/v2\/users\/8"}],"replies":[{"embeddable":true,"href":"https:\/\/www.ufla.br\/dcom\/wp-json\/wp\/v2\/comments?post=25396"}],"version-history":[{"count":4,"href":"https:\/\/www.ufla.br\/dcom\/wp-json\/wp\/v2\/posts\/25396\/revisions"}],"predecessor-version":[{"id":25400,"href":"https:\/\/www.ufla.br\/dcom\/wp-json\/wp\/v2\/posts\/25396\/revisions\/25400"}],"wp:attachment":[{"href":"https:\/\/www.ufla.br\/dcom\/wp-json\/wp\/v2\/media?parent=25396"}],"wp:term":[{"taxonomy":"category","embeddable":true,"href":"https:\/\/www.ufla.br\/dcom\/wp-json\/wp\/v2\/categories?post=25396"},{"taxonomy":"post_tag","embeddable":true,"href":"https:\/\/www.ufla.br\/dcom\/wp-json\/wp\/v2\/tags?post=25396"}],"curies":[{"name":"wp","href":"https:\/\/api.w.org\/{rel}","templated":true}]}}