{"id":25296,"date":"2013-08-23T13:58:05","date_gmt":"2013-08-23T16:58:05","guid":{"rendered":"http:\/\/www.ufla.br\/ascom\/?p=25296"},"modified":"2013-08-30T14:55:56","modified_gmt":"2013-08-30T17:55:56","slug":"jantar-do-ex-aluno-sera-no-dia-69-ultimos-dias-para-adquirir-os-convites","status":"publish","type":"post","link":"https:\/\/www.ufla.br\/dcom\/2013\/08\/23\/jantar-do-ex-aluno-sera-no-dia-69-ultimos-dias-para-adquirir-os-convites\/","title":{"rendered":"Jantar do Ex-aluno ser\u00e1 no dia 6\/9: \u00faltimos dias para adquirir os convites"},"content":{"rendered":"<p><a href=\"http:\/\/www.ufla.br\/ascom\/wp-content\/uploads\/2013\/08\/23.08-jantar-do-Ex-aluno.jpg\"><img loading=\"lazy\" decoding=\"async\" class=\"alignright size-medium wp-image-25297\" alt=\"23.08 jantar-do-Ex-aluno\" src=\"http:\/\/www.ufla.br\/ascom\/wp-content\/uploads\/2013\/08\/23.08-jantar-do-Ex-aluno-249x186.jpg\" width=\"249\" height=\"186\" srcset=\"https:\/\/www.ufla.br\/dcom\/wp-content\/uploads\/2013\/08\/23.08-jantar-do-Ex-aluno-249x186.jpg 249w, https:\/\/www.ufla.br\/dcom\/wp-content\/uploads\/2013\/08\/23.08-jantar-do-Ex-aluno-612x459.jpg 612w, https:\/\/www.ufla.br\/dcom\/wp-content\/uploads\/2013\/08\/23.08-jantar-do-Ex-aluno.jpg 2048w\" sizes=\"auto, (max-width: 249px) 100vw, 249px\" \/><\/a>Voltar para rever os amigos do per\u00edodo universit\u00e1rio, esta \u00e9 a proposta do Jantar do Ex-Aluno, que ser\u00e1 realizado na pr\u00f3xima sexta-feira (6\/9), \u00e0s 20 horas, no Gin\u00e1sio Poliesportivo da UFLA. A confraterniza\u00e7\u00e3o ser\u00e1 especial para as turmas que comemoraram o Jubileu de Ouro e Prata (turmas de 1988 e 1963), mas reunir\u00e1 tamb\u00e9m muitas outras turmas em uma festa marcada pelas lembran\u00e7as e pela alegria de rever os amigos.<\/p>\n<p>Para adquirir o convite \u00e9 necess\u00e1rio fazer dep\u00f3sito ou transfer\u00eancia banc\u00e1ria: BANCO DO BRASIL, Ag\u00eancia: 0364-6, Conta Corrente: 74269-4, em nome da Funda\u00e7\u00e3o de Desenvolvimento Cient\u00edfico e Cultural (Fundecc). O valor do convite individual \u00e9 R$ 100,00.<\/p>\n<p>Ap\u00f3s o pagamento, o comprovante de pagamento dever\u00e1 ser enviado para o e-mail cerimonial@reitoria.ufla.br, com o nome completo do ex-aluno, ano de formatura e quantidade de convites. O ex-aluno receber\u00e1 um e-mail de confirma\u00e7\u00e3o.<\/p>\n<p>A retirada dos convites ser\u00e1 dia 6\/9\/2013 (sexta-feira), das 14 \u00e0s 18 horas, no Sal\u00e3o de Conven\u00e7\u00f5es da UFLA, mediante apresenta\u00e7\u00e3o do comprovante de pagamento. N\u00e3o ser\u00e3o entregues convites na entrada do jantar.<\/p>\n<p>Para proporcionar melhores acomoda\u00e7\u00f5es aos participantes do evento, tamb\u00e9m n\u00e3o ser\u00e3o vendidos convites na entrada do jantar.<\/p>\n<p><b><i>Jubileu de Ouro e Prata <\/i><\/b><\/p>\n<p>Os ex-alunos que se formaram em 1988 e 1963 e ainda n\u00e3o confirmaram presen\u00e7a no Jubileu de Ouro e Prata, favor enviar e-mail para <a href=\"mailto:cerimonial@reitoria.ufla.br\">cerimonial@reitoria.ufla.br<\/a> at\u00e9 o dia 26\/8\/2013. Somente ser\u00e1 confeccionado o certificado do ex-aluno que confirmar a presen\u00e7a at\u00e9 o prazo citado.<\/p>\n<p>&nbsp;<\/p>\n","protected":false},"excerpt":{"rendered":"<p>Voltar para rever os amigos do per\u00edodo universit\u00e1rio, esta \u00e9 a proposta do Jantar do Ex-Aluno, que ser\u00e1 realizado na pr\u00f3xima sexta-feira (6\/9), \u00e0s 20 horas, no Gin\u00e1sio Poliesportivo da UFLA. (&#8230;)<\/p>\n","protected":false},"author":6,"featured_media":0,"comment_status":"closed","ping_status":"closed","sticky":false,"template":"","format":"standard","meta":{"ngg_post_thumbnail":0,"footnotes":""},"categories":[1],"tags":[],"class_list":["post-25296","post","type-post","status-publish","format-standard","hentry","category-noticias"],"_links":{"self":[{"href":"https:\/\/www.ufla.br\/dcom\/wp-json\/wp\/v2\/posts\/25296","targetHints":{"allow":["GET"]}}],"collection":[{"href":"https:\/\/www.ufla.br\/dcom\/wp-json\/wp\/v2\/posts"}],"about":[{"href":"https:\/\/www.ufla.br\/dcom\/wp-json\/wp\/v2\/types\/post"}],"author":[{"embeddable":true,"href":"https:\/\/www.ufla.br\/dcom\/wp-json\/wp\/v2\/users\/6"}],"replies":[{"embeddable":true,"href":"https:\/\/www.ufla.br\/dcom\/wp-json\/wp\/v2\/comments?post=25296"}],"version-history":[{"count":2,"href":"https:\/\/www.ufla.br\/dcom\/wp-json\/wp\/v2\/posts\/25296\/revisions"}],"predecessor-version":[{"id":25497,"href":"https:\/\/www.ufla.br\/dcom\/wp-json\/wp\/v2\/posts\/25296\/revisions\/25497"}],"wp:attachment":[{"href":"https:\/\/www.ufla.br\/dcom\/wp-json\/wp\/v2\/media?parent=25296"}],"wp:term":[{"taxonomy":"category","embeddable":true,"href":"https:\/\/www.ufla.br\/dcom\/wp-json\/wp\/v2\/categories?post=25296"},{"taxonomy":"post_tag","embeddable":true,"href":"https:\/\/www.ufla.br\/dcom\/wp-json\/wp\/v2\/tags?post=25296"}],"curies":[{"name":"wp","href":"https:\/\/api.w.org\/{rel}","templated":true}]}}