{"id":25155,"date":"2013-08-20T11:36:54","date_gmt":"2013-08-20T14:36:54","guid":{"rendered":"http:\/\/www.ufla.br\/ascom\/?p=25155"},"modified":"2014-10-22T08:23:42","modified_gmt":"2014-10-22T11:23:42","slug":"treinamento-do-cavalo-esportivo-reune-estudantes-e-profissionais-na-ufla","status":"publish","type":"post","link":"https:\/\/www.ufla.br\/dcom\/2013\/08\/20\/treinamento-do-cavalo-esportivo-reune-estudantes-e-profissionais-na-ufla\/","title":{"rendered":"Treinamento do Cavalo Esportivo re\u00fane estudantes e profissionais na UFLA"},"content":{"rendered":"<figure id=\"attachment_25156\" aria-describedby=\"caption-attachment-25156\" style=\"width: 249px\" class=\"wp-caption alignright\"><a href=\"http:\/\/www.ufla.br\/ascom\/wp-content\/uploads\/2013\/08\/20.08-Parte-da-Equipe-Nequi.jpg\"><img loading=\"lazy\" decoding=\"async\" class=\"size-medium wp-image-25156\" alt=\"Parte da equipe do Nequi - evento realizado com sucesso\" src=\"http:\/\/www.ufla.br\/ascom\/wp-content\/uploads\/2013\/08\/20.08-Parte-da-Equipe-Nequi-249x152.jpg\" width=\"249\" height=\"152\" srcset=\"https:\/\/www.ufla.br\/dcom\/wp-content\/uploads\/2013\/08\/20.08-Parte-da-Equipe-Nequi-249x152.jpg 249w, https:\/\/www.ufla.br\/dcom\/wp-content\/uploads\/2013\/08\/20.08-Parte-da-Equipe-Nequi-612x373.jpg 612w, https:\/\/www.ufla.br\/dcom\/wp-content\/uploads\/2013\/08\/20.08-Parte-da-Equipe-Nequi.jpg 932w\" sizes=\"auto, (max-width: 249px) 100vw, 249px\" \/><\/a><figcaption id=\"caption-attachment-25156\" class=\"wp-caption-text\">Parte da equipe do Nequi &#8211; evento realizado com sucesso<\/figcaption><\/figure>\n<p>Nos dias 16 e 17 de agosto, o N\u00facleo de Estudos em Equideocultura (Nequi),\u00a0coordenado pela professora Raquel Silva de Moura, realizou\u00a0o II Curso Te\u00f3rico Pr\u00e1tico: Treinamento do Cavalo Esportivo, com enfoque na ra\u00e7a Manga-larga Marchador.<\/p>\n<p>O evento reuniu criadores, estudantes, profissionais e policiais da Cavalaria do 8\u00ba Batalh\u00e3o de Pol\u00edcia Militar de Minas Gerais, abordando temas como treinamento, condi\u00e7\u00f5es f\u00edsicas e a alimenta\u00e7\u00e3o de animais atletas.<\/p>\n<p>O curso foi ministrado pelo professor Pablo Trigo, da Universidade Nacional de La Plata na Argentina, e pela professora Adalgiza Resende, da Universidade Federal de Minas Gerais (UFMG). Foco especial foi dado aos animais marchadores com uma simula\u00e7\u00e3o de prova de marcha, para avalia\u00e7\u00e3o das condi\u00e7\u00f5es f\u00edsicas e posteriormente foi realizada uma discuss\u00e3o sobre os melhores exerc\u00edcios voltados a esses animais.<\/p>\n<h5>Com informa\u00e7\u00f5es da estudante Luciana da Silva &#8211; bolsista ASCOM\/DZO<\/h5>\n<p>&nbsp;<\/p>\n","protected":false},"excerpt":{"rendered":"<p>Nos dias 16 e 17 de agosto, o N\u00facleo de Estudos em Equideocultura (Nequi),\u00a0coordenado pela professora Raquel Silva de Moura, realizou\u00a0o II Curso Te\u00f3rico Pr\u00e1tico: Treinamento do Cavalo Esportivo, com enfoque na ra\u00e7a Manga-larga Marchador. O evento reuniu criadores, estudantes, profissionais e policiais da Cavalaria do 8\u00ba Batalh\u00e3o de Pol\u00edcia Militar de Minas Gerais, abordando &hellip; <a href=\"https:\/\/www.ufla.br\/dcom\/2013\/08\/20\/treinamento-do-cavalo-esportivo-reune-estudantes-e-profissionais-na-ufla\/\" class=\"more-link\">Continue lendo <span class=\"screen-reader-text\">Treinamento do Cavalo Esportivo re\u00fane estudantes e profissionais na UFLA<\/span> <span class=\"meta-nav\">&rarr;<\/span><\/a><\/p>\n","protected":false},"author":6,"featured_media":0,"comment_status":"closed","ping_status":"closed","sticky":false,"template":"","format":"standard","meta":{"ngg_post_thumbnail":0,"footnotes":""},"categories":[1],"tags":[],"class_list":["post-25155","post","type-post","status-publish","format-standard","hentry","category-noticias"],"_links":{"self":[{"href":"https:\/\/www.ufla.br\/dcom\/wp-json\/wp\/v2\/posts\/25155","targetHints":{"allow":["GET"]}}],"collection":[{"href":"https:\/\/www.ufla.br\/dcom\/wp-json\/wp\/v2\/posts"}],"about":[{"href":"https:\/\/www.ufla.br\/dcom\/wp-json\/wp\/v2\/types\/post"}],"author":[{"embeddable":true,"href":"https:\/\/www.ufla.br\/dcom\/wp-json\/wp\/v2\/users\/6"}],"replies":[{"embeddable":true,"href":"https:\/\/www.ufla.br\/dcom\/wp-json\/wp\/v2\/comments?post=25155"}],"version-history":[{"count":4,"href":"https:\/\/www.ufla.br\/dcom\/wp-json\/wp\/v2\/posts\/25155\/revisions"}],"predecessor-version":[{"id":25160,"href":"https:\/\/www.ufla.br\/dcom\/wp-json\/wp\/v2\/posts\/25155\/revisions\/25160"}],"wp:attachment":[{"href":"https:\/\/www.ufla.br\/dcom\/wp-json\/wp\/v2\/media?parent=25155"}],"wp:term":[{"taxonomy":"category","embeddable":true,"href":"https:\/\/www.ufla.br\/dcom\/wp-json\/wp\/v2\/categories?post=25155"},{"taxonomy":"post_tag","embeddable":true,"href":"https:\/\/www.ufla.br\/dcom\/wp-json\/wp\/v2\/tags?post=25155"}],"curies":[{"name":"wp","href":"https:\/\/api.w.org\/{rel}","templated":true}]}}